{"id":65440,"date":"2025-07-20T20:21:01","date_gmt":"2025-07-20T20:21:01","guid":{"rendered":"https:\/\/lahora.mx\/?p=65440"},"modified":"2025-07-20T20:21:01","modified_gmt":"2025-07-20T20:21:01","slug":"operativo-vs-ambulantes-en-el-centro-historico-sera-hasta-fin-de-ano-ssp","status":"publish","type":"post","link":"https:\/\/lahora.mx\/index.php\/2025\/07\/20\/operativo-vs-ambulantes-en-el-centro-historico-sera-hasta-fin-de-ano-ssp\/","title":{"rendered":"Operativo vs ambulantes en el Centro Hist\u00f3rico ser\u00e1 hasta fin de a\u00f1o: SSP"},"content":{"rendered":"\n<p>El operativo en el Centro Hist\u00f3rico contra el comercio informal se mantendr\u00e1 hasta finales de a\u00f1o, con el objetivo de preservar el orden durante fechas clave como septiembre, D\u00eda de Muertos y Navidad.<\/p>\n\n\n\n<p>As\u00ed lo dio a conocer en entrevista el secretario de Seguridad P\u00fablica del Estado, vicealmirante Francisco S\u00e1nchez Gonz\u00e1lez, quien detall\u00f3 que el Ayuntamiento de Puebla solicit\u00f3 el respaldo estatal, por lo que planearon este despliegue desde hace 15 d\u00edas.<\/p>\n\n\n\n<p>De acuerdo con el funcionario, se busca mantener el control en el primer cuadro de la ciudad para evitar afectaciones al turismo y garantizar que los comerciantes tengan espacios asignados.<\/p>\n\n\n\n<p>\u00abEl operativo que realizamos ayer en el Centro Hist\u00f3rico ya lo hab\u00edamos acordado con el municipio desde hace 15 d\u00edas (\u2026) la intenci\u00f3n es reordenar el ambulantaje en esta zona y, por supuesto, no quitarles su fuente de trabajo, sino que cuenten con lugares definidos por el Ayuntamiento\u00bb, explic\u00f3.<\/p>\n\n\n\n<p>El vicealmirante Francisco S\u00e1nchez Gonz\u00e1lez reiter\u00f3 que el operativo permanecer\u00e1 activo hasta diciembre, pues la intenci\u00f3n es anticiparse al incremento de vendedores en temporadas de alta demanda.<\/p>\n\n\n\n<p>Actualmente, se encuentran desplegados 150 elementos en el Centro Hist\u00f3rico y, seg\u00fan report\u00f3, no se registraron incidentes durante las acciones recientes.<\/p>\n\n\n\n<p>\u00abS\u00ed lo vamos a mantener. Ya comenz\u00f3. Ustedes saben que viene la temporada de venta de \u00fatiles, luego las fiestas patrias, despu\u00e9s D\u00eda de Muertos y, finalmente, la Navidad\u00bb, se\u00f1al\u00f3.<\/p>\n\n\n\n<p>Fue la ma\u00f1ana del 18 de julio cuando el Ayuntamiento de Puebla, en coordinaci\u00f3n con autoridades estatales y federales, puso en marcha el operativo en calles con alta presencia de comercio informal, principalmente el corredor 5 de Mayo.<\/p>\n\n\n\n<p>Adem\u00e1s, se realizaron cierres viales en calles como la 8 y 10 Oriente-Poniente, entre la 2 y 3 Norte, los cuales continuaron por segundo d\u00eda consecutivo este s\u00e1bado. (PSR)<\/p>\n","protected":false},"excerpt":{"rendered":"<p>El operativo en el Centro Hist\u00f3rico contra el comercio informal se mantendr\u00e1 hasta finales de a\u00f1o, con el objetivo de preservar el orden durante fechas clave como septiembre, D\u00eda de Muertos y Navidad. As\u00ed lo dio a conocer en entrevista el secretario de Seguridad P\u00fablica del Estado, vicealmirante Francisco S\u00e1nchez Gonz\u00e1lez, quien detall\u00f3 que el [&hellip;]<\/p>\n","protected":false},"author":4,"featured_media":65441,"comment_status":"open","ping_status":"open","sticky":false,"template":"","format":"standard","meta":{"om_disable_all_campaigns":false,"_monsterinsights_skip_tracking":false,"_monsterinsights_sitenote_active":false,"_monsterinsights_sitenote_note":"","_monsterinsights_sitenote_category":0,"footnotes":""},"categories":[175],"tags":[195,223],"class_list":["post-65440","post","type-post","status-publish","format-standard","has-post-thumbnail","hentry","category-local","tag-principal","tag-puebla"],"amp_enabled":true,"_links":{"self":[{"href":"https:\/\/lahora.mx\/index.php\/wp-json\/wp\/v2\/posts\/65440","targetHints":{"allow":["GET"]}}],"collection":[{"href":"https:\/\/lahora.mx\/index.php\/wp-json\/wp\/v2\/posts"}],"about":[{"href":"https:\/\/lahora.mx\/index.php\/wp-json\/wp\/v2\/types\/post"}],"author":[{"embeddable":true,"href":"https:\/\/lahora.mx\/index.php\/wp-json\/wp\/v2\/users\/4"}],"replies":[{"embeddable":true,"href":"https:\/\/lahora.mx\/index.php\/wp-json\/wp\/v2\/comments?post=65440"}],"version-history":[{"count":1,"href":"https:\/\/lahora.mx\/index.php\/wp-json\/wp\/v2\/posts\/65440\/revisions"}],"predecessor-version":[{"id":65442,"href":"https:\/\/lahora.mx\/index.php\/wp-json\/wp\/v2\/posts\/65440\/revisions\/65442"}],"wp:featuredmedia":[{"embeddable":true,"href":"https:\/\/lahora.mx\/index.php\/wp-json\/wp\/v2\/media\/65441"}],"wp:attachment":[{"href":"https:\/\/lahora.mx\/index.php\/wp-json\/wp\/v2\/media?parent=65440"}],"wp:term":[{"taxonomy":"category","embeddable":true,"href":"https:\/\/lahora.mx\/index.php\/wp-json\/wp\/v2\/categories?post=65440"},{"taxonomy":"post_tag","embeddable":true,"href":"https:\/\/lahora.mx\/index.php\/wp-json\/wp\/v2\/tags?post=65440"}],"curies":[{"name":"wp","href":"https:\/\/api.w.org\/{rel}","templated":true}]}}