{"id":65437,"date":"2025-07-20T18:59:34","date_gmt":"2025-07-20T18:59:34","guid":{"rendered":"https:\/\/lahora.mx\/?p=65437"},"modified":"2025-07-20T18:59:35","modified_gmt":"2025-07-20T18:59:35","slug":"balacera-madrugadora-en-el-infonavit-la-rosa-deja-saldo-de-dos-muertos","status":"publish","type":"post","link":"https:\/\/lahora.mx\/index.php\/2025\/07\/20\/balacera-madrugadora-en-el-infonavit-la-rosa-deja-saldo-de-dos-muertos\/","title":{"rendered":"Balacera madrugadora en el Infonavit La Rosa deja saldo de dos muertos"},"content":{"rendered":"\n<p>Esta madrugada se desat\u00f3 una balacera en el Infonavit La Rosa, que dej\u00f3 como saldo dos personas sin vida, cuyos cuerpos quedaron tirados en inmediaciones de la Gran Bodega de la zona.<\/p>\n\n\n\n<p>Durante las primeras horas de este domingo, vecinos del Infonavit La Rosa reportaron a las autoridades un presunto ataque a balazos entre sujetos, por lo que tem\u00edan que la situaci\u00f3n escalara y alg\u00fan inocente resultara lesionado.<\/p>\n\n\n\n<p>Al sitio llegaron polic\u00edas municipales, quienes confirmaron que, a la altura del Retorno 1, cerca de la Gran Bodega, se encontraba un hombre herido de bala y, a escasos metros, yac\u00eda otro sujeto tambi\u00e9n lesionado por proyectil de arma de fuego.<\/p>\n\n\n\n<p>Debido a lo anterior, param\u00e9dicos acudieron al lugar y confirmaron el deceso de ambas personas. Por ello, la zona fue ampliamente acordonada por los oficiales, quienes, a su vez, dieron aviso al personal de la Fiscal\u00eda para que realizara el levantamiento de los cuerpos y recabara otros indicios.<\/p>\n\n\n\n<p>Al momento se desconoce el m\u00f3vil de la balacera en el Infonavit La Rosa; sin embargo, las autoridades ya investigan lo sucedido a trav\u00e9s de grabaciones de c\u00e1maras de seguridad y entrevistas a testigos.<\/p>\n","protected":false},"excerpt":{"rendered":"<p>Esta madrugada se desat\u00f3 una balacera en el Infonavit La Rosa, que dej\u00f3 como saldo dos personas sin vida, cuyos cuerpos quedaron tirados en inmediaciones de la Gran Bodega de la zona. Durante las primeras horas de este domingo, vecinos del Infonavit La Rosa reportaron a las autoridades un presunto ataque a balazos entre sujetos, [&hellip;]<\/p>\n","protected":false},"author":4,"featured_media":65438,"comment_status":"open","ping_status":"open","sticky":false,"template":"","format":"standard","meta":{"om_disable_all_campaigns":false,"_monsterinsights_skip_tracking":false,"_monsterinsights_sitenote_active":false,"_monsterinsights_sitenote_note":"","_monsterinsights_sitenote_category":0,"footnotes":""},"categories":[175,226],"tags":[223],"class_list":["post-65437","post","type-post","status-publish","format-standard","has-post-thumbnail","hentry","category-local","category-policia","tag-puebla"],"amp_enabled":true,"_links":{"self":[{"href":"https:\/\/lahora.mx\/index.php\/wp-json\/wp\/v2\/posts\/65437","targetHints":{"allow":["GET"]}}],"collection":[{"href":"https:\/\/lahora.mx\/index.php\/wp-json\/wp\/v2\/posts"}],"about":[{"href":"https:\/\/lahora.mx\/index.php\/wp-json\/wp\/v2\/types\/post"}],"author":[{"embeddable":true,"href":"https:\/\/lahora.mx\/index.php\/wp-json\/wp\/v2\/users\/4"}],"replies":[{"embeddable":true,"href":"https:\/\/lahora.mx\/index.php\/wp-json\/wp\/v2\/comments?post=65437"}],"version-history":[{"count":1,"href":"https:\/\/lahora.mx\/index.php\/wp-json\/wp\/v2\/posts\/65437\/revisions"}],"predecessor-version":[{"id":65439,"href":"https:\/\/lahora.mx\/index.php\/wp-json\/wp\/v2\/posts\/65437\/revisions\/65439"}],"wp:featuredmedia":[{"embeddable":true,"href":"https:\/\/lahora.mx\/index.php\/wp-json\/wp\/v2\/media\/65438"}],"wp:attachment":[{"href":"https:\/\/lahora.mx\/index.php\/wp-json\/wp\/v2\/media?parent=65437"}],"wp:term":[{"taxonomy":"category","embeddable":true,"href":"https:\/\/lahora.mx\/index.php\/wp-json\/wp\/v2\/categories?post=65437"},{"taxonomy":"post_tag","embeddable":true,"href":"https:\/\/lahora.mx\/index.php\/wp-json\/wp\/v2\/tags?post=65437"}],"curies":[{"name":"wp","href":"https:\/\/api.w.org\/{rel}","templated":true}]}}