{"id":65434,"date":"2025-07-20T17:53:12","date_gmt":"2025-07-20T17:53:12","guid":{"rendered":"https:\/\/lahora.mx\/?p=65434"},"modified":"2025-07-20T17:53:13","modified_gmt":"2025-07-20T17:53:13","slug":"revisaran-y-regularan-anexos-en-puebla-ssp","status":"publish","type":"post","link":"https:\/\/lahora.mx\/index.php\/2025\/07\/20\/revisaran-y-regularan-anexos-en-puebla-ssp\/","title":{"rendered":"Revisar\u00e1n y regular\u00e1n anexos en Puebla: SSP"},"content":{"rendered":"\n<p>El gobierno de Puebla iniciar\u00e1 una revisi\u00f3n integral de los centros de rehabilitaci\u00f3n para adictos conocidos como anexos, debido a preocupaciones sobre su operaci\u00f3n y el riesgo de que algunas de sus pr\u00e1cticas puedan ser confundidas con privaciones ilegales de la libertad, inform\u00f3 el secretario de Seguridad P\u00fablica estatal, Francisco S\u00e1nchez Gonz\u00e1lez.<\/p>\n\n\n\n<p>Durante una entrevista, el funcionario se\u00f1al\u00f3 que se est\u00e1 levantando una estad\u00edstica para identificar cu\u00e1ntos de estos establecimientos existen en la entidad y en qu\u00e9 municipios se encuentran.<\/p>\n\n\n\n<p>\u201cQueremos tener un control. A finales de mes ya tendremos una estad\u00edstica completa de cu\u00e1ntos hay en la capital y en todo el estado\u201d, dijo.<\/p>\n\n\n\n<p>La preocupaci\u00f3n surgi\u00f3 tras una nota reciente sobre un supuesto anexo clandestino en el que se hablaba incluso del hallazgo de una fosa. S\u00e1nchez Gonz\u00e1lez aclar\u00f3 que esa informaci\u00f3n fue desmentida y no corresponde a la realidad.<\/p>\n\n\n\n<p>\u201cNo fue as\u00ed. Se encontr\u00f3 un cad\u00e1ver, pero fue afuera del lugar donde supuestamente funcionaba el anexo. Nada que ver\u201d, recalc\u00f3.<\/p>\n\n\n\n<p>El secretario explic\u00f3 que muchas veces los operativos que realizan estos centros para recoger a personas en situaci\u00f3n de adicci\u00f3n pueden parecer actos de privaci\u00f3n ilegal.<\/p>\n\n\n\n<p>\u201cPor eso queremos regular la forma en que operan, para evitar confusiones o abusos. Es preocupaci\u00f3n de nosotros\u201d, agreg\u00f3.<\/p>\n\n\n\n<p>Operativo sin incidentes en predio invadido<br>En otro tema, S\u00e1nchez Gonz\u00e1lez confirm\u00f3 que la recuperaci\u00f3n de un predio invadido se realiz\u00f3 sin complicaciones.<\/p>\n\n\n\n<p>El operativo fue planeado con antelaci\u00f3n y ejecutado de forma limpia, con apoyo de maquinaria para las demoliciones necesarias. \u201cNo hubo oposici\u00f3n, se garantiz\u00f3 la seguridad y todo se desarroll\u00f3 sin problema\u201d, explic\u00f3.<\/p>\n\n\n\n<p>Aunque no se confirm\u00f3 si alguna organizaci\u00f3n ten\u00eda control sobre el predio, el secretario se\u00f1al\u00f3 que la petici\u00f3n de intervenci\u00f3n fue atendida de forma institucional para recuperar el espacio.<\/p>\n\n\n\n<p>Investigaci\u00f3n por asalto y hallazgo de restos<br>El secretario tambi\u00e9n inform\u00f3 sobre el asalto a las oficinas de gas Tomsa, donde presuntamente se robaron 50 mil pesos en efectivo.<\/p>\n\n\n\n<p>Dijo que ya se cuenta con material de c\u00e1maras de seguridad y se est\u00e1n realizando investigaciones para ubicar a los responsables.<\/p>\n\n\n\n<p>Respecto al hallazgo de restos \u00f3seos, indic\u00f3 que se trata de una persona joven, entre 15 y 17 a\u00f1os, que coincide con un reporte de desaparici\u00f3n. \u201cSe est\u00e1 cotejando la informaci\u00f3n con la Fiscal\u00eda\u201d, se\u00f1al\u00f3.<\/p>\n\n\n\n<p>Por \u00faltimo, descart\u00f3 que haya alguna confirmaci\u00f3n sobre otra persona fallecida en Bosques de San Sebasti\u00e1n.<\/p>\n\n\n\n<p>\u201cTuvimos un reporte, acudimos, pero afortunadamente no se ha confirmado ninguna muerte\u201d, puntualiz\u00f3.<\/p>\n","protected":false},"excerpt":{"rendered":"<p>El gobierno de Puebla iniciar\u00e1 una revisi\u00f3n integral de los centros de rehabilitaci\u00f3n para adictos conocidos como anexos, debido a preocupaciones sobre su operaci\u00f3n y el riesgo de que algunas de sus pr\u00e1cticas puedan ser confundidas con privaciones ilegales de la libertad, inform\u00f3 el secretario de Seguridad P\u00fablica estatal, Francisco S\u00e1nchez Gonz\u00e1lez. Durante una entrevista, [&hellip;]<\/p>\n","protected":false},"author":4,"featured_media":65435,"comment_status":"open","ping_status":"open","sticky":false,"template":"","format":"standard","meta":{"om_disable_all_campaigns":false,"_monsterinsights_skip_tracking":false,"_monsterinsights_sitenote_active":false,"_monsterinsights_sitenote_note":"","_monsterinsights_sitenote_category":0,"footnotes":""},"categories":[175],"tags":[195,223],"class_list":["post-65434","post","type-post","status-publish","format-standard","has-post-thumbnail","hentry","category-local","tag-principal","tag-puebla"],"amp_enabled":true,"_links":{"self":[{"href":"https:\/\/lahora.mx\/index.php\/wp-json\/wp\/v2\/posts\/65434","targetHints":{"allow":["GET"]}}],"collection":[{"href":"https:\/\/lahora.mx\/index.php\/wp-json\/wp\/v2\/posts"}],"about":[{"href":"https:\/\/lahora.mx\/index.php\/wp-json\/wp\/v2\/types\/post"}],"author":[{"embeddable":true,"href":"https:\/\/lahora.mx\/index.php\/wp-json\/wp\/v2\/users\/4"}],"replies":[{"embeddable":true,"href":"https:\/\/lahora.mx\/index.php\/wp-json\/wp\/v2\/comments?post=65434"}],"version-history":[{"count":1,"href":"https:\/\/lahora.mx\/index.php\/wp-json\/wp\/v2\/posts\/65434\/revisions"}],"predecessor-version":[{"id":65436,"href":"https:\/\/lahora.mx\/index.php\/wp-json\/wp\/v2\/posts\/65434\/revisions\/65436"}],"wp:featuredmedia":[{"embeddable":true,"href":"https:\/\/lahora.mx\/index.php\/wp-json\/wp\/v2\/media\/65435"}],"wp:attachment":[{"href":"https:\/\/lahora.mx\/index.php\/wp-json\/wp\/v2\/media?parent=65434"}],"wp:term":[{"taxonomy":"category","embeddable":true,"href":"https:\/\/lahora.mx\/index.php\/wp-json\/wp\/v2\/categories?post=65434"},{"taxonomy":"post_tag","embeddable":true,"href":"https:\/\/lahora.mx\/index.php\/wp-json\/wp\/v2\/tags?post=65434"}],"curies":[{"name":"wp","href":"https:\/\/api.w.org\/{rel}","templated":true}]}}