{"id":6543,"date":"2022-05-06T01:24:57","date_gmt":"2022-05-06T01:24:57","guid":{"rendered":"http:\/\/lahora.mx\/?p=6543"},"modified":"2022-05-06T01:24:57","modified_gmt":"2022-05-06T01:24:57","slug":"pobladores-cierran-la-autopista-puebla-mexico-tras-el-presunto-secuestro-de-un-menor","status":"publish","type":"post","link":"https:\/\/lahora.mx\/index.php\/2022\/05\/06\/pobladores-cierran-la-autopista-puebla-mexico-tras-el-presunto-secuestro-de-un-menor\/","title":{"rendered":"Pobladores cierran la autopista Puebla-M\u00e9xico tras el presunto secuestro de un menor"},"content":{"rendered":"\n<p><strong>Pobladores de la localidad de R\u00edo Fr\u00edo, en el Estado de M\u00e9xico, cerraron la autopista Puebla-M\u00e9xico,<\/strong>&nbsp;as\u00ed como la carretera federal, luego de que<strong>&nbsp;se registr\u00f3 el presunto secuestro de un menor&nbsp;<\/strong>de edad.<\/p>\n\n\n\n<p>Ante el bloqueo, Caminos y Puentes Federal<strong>&nbsp;(CAPUFE) realiz\u00f3 corte de circulaci\u00f3n,<\/strong>&nbsp;a la altura del acceso al Arco Norte, para que automovilistas contin\u00faen su camino hacia la Ciudad de M\u00e9xico.<\/p>\n\n\n\n<p>La tarde de este jueves se report\u00f3<strong>\u00a0el posible secuestro de un menor de edad de nombre Edwar,\u00a0<\/strong>de 9 a\u00f1os de edad, por lo que inmediatamente los pobladores se empezaron a congregar y tomaron la decisi\u00f3n de\u00a0<strong>bloquear la autopista M\u00e9xico-Puebla<\/strong>\u00a0y la\u00a0<strong>carretera federal, a la altura de R\u00edo Fr\u00edo<\/strong>, en el Estado de M\u00e9xico.<br><\/p>\n\n\n\n<p>En este sentido, se sabe que el carro, en el cual subieron al menor de edad,<strong>&nbsp;se dirig\u00eda a hacia la ciudad de San Mart\u00edn Texmelucan.<\/strong><\/p>\n\n\n\n<p>Adem\u00e1s, ha trascendido que hay&nbsp;<strong>un fuerte operativo por parte de la Fiscal\u00eda General del Estado de Puebla<\/strong>&nbsp;en la comunidad de&nbsp;<strong>San Lucas Atoyatenco,<\/strong>&nbsp;perteneciente al municipio de San Mart\u00edn Texemelucan, debido a que se tienen datos de que el menor se encuentra en dicha poblaci\u00f3n.<\/p>\n\n\n\n<p>Cabe se\u00f1alar que se han registrado enfrentamientos y&nbsp;<strong>se han escuchado detonaciones de arma de fuego en R\u00edo Fr\u00edo<\/strong>, por lo cual personal de CAPUFE, con el apoyo de la Guardia Nacional, emprendi\u00f3 el cierre de&nbsp;<strong>la autopista M\u00e9xico-Puebla,<\/strong>&nbsp;a la altura del acceso Arco Norte para que los automovilistas que van hacia la Ciudad de M\u00e9xico, tomen dicha vialidad concesionada.<\/p>\n\n\n\n<h2 class=\"wp-block-heading\"><strong>AUTORIDADES PIDEN NO TRANSITAR POR ESTA V\u00cdA<\/strong><\/h2>\n\n\n\n<p>La autoridad municipal, en coordinaci\u00f3n con Caminos y Puentes Federales (Capufe),<strong>&nbsp;exhort\u00f3 a no transitar por la autopista M\u00e9xico-Puebla y carretera federal&nbsp;<\/strong>ante el bloqueo de est\u00e1s vialidades en la comunidad de R\u00edo Fr\u00edo.<\/p>\n\n\n\n<p>De acuerdo con un comunicado por parte de la direcci\u00f3n de Comunicaci\u00f3n Social de&nbsp;<strong>San Mart\u00edn Texmelucan<\/strong>, solicitan a la ciudadan\u00eda a&nbsp;<strong><em>\u00abno transitar por la autopista y carretera federal M\u00e9xico-Puebla con direcci\u00f3n a la Ciudad de M\u00e9xico a causa de una manifestaci\u00f3n a la altura de R\u00edo Fr\u00edo\u00bb.<\/em><\/strong><\/p>\n\n\n\n<p>Cabe recordar que pobladores tomaron dicha acci\u00f3n luego del&nbsp;<strong>presunto secuestro de un menor de edad en dicha comunidad,&nbsp;<\/strong>perteneciente al municipio de Iztapaluca, en el Estado de M\u00e9xico.<\/p>\n\n\n\n<p>Asimismo, la Guardia Nacional realiza una desviaci\u00f3n a la altura del kil\u00f3metro 96, ya que es el entronque al Arco Norte y es la unidad vialidad que conecta a la Ciudad de M\u00e9xico.<\/p>\n","protected":false},"excerpt":{"rendered":"<p>Pobladores de la localidad de R\u00edo Fr\u00edo, en el Estado de M\u00e9xico, cerraron la autopista Puebla-M\u00e9xico,&nbsp;as\u00ed como la carretera federal, luego de que&nbsp;se registr\u00f3 el presunto secuestro de un menor&nbsp;de edad. Ante el bloqueo, Caminos y Puentes Federal&nbsp;(CAPUFE) realiz\u00f3 corte de circulaci\u00f3n,&nbsp;a la altura del acceso al Arco Norte, para que automovilistas contin\u00faen su camino [&hellip;]<\/p>\n","protected":false},"author":4,"featured_media":6544,"comment_status":"open","ping_status":"open","sticky":false,"template":"","format":"standard","meta":{"om_disable_all_campaigns":false,"_monsterinsights_skip_tracking":false,"_monsterinsights_sitenote_active":false,"_monsterinsights_sitenote_note":"","_monsterinsights_sitenote_category":0,"footnotes":""},"categories":[175],"tags":[223],"class_list":["post-6543","post","type-post","status-publish","format-standard","has-post-thumbnail","hentry","category-local","tag-puebla"],"amp_enabled":true,"_links":{"self":[{"href":"https:\/\/lahora.mx\/index.php\/wp-json\/wp\/v2\/posts\/6543","targetHints":{"allow":["GET"]}}],"collection":[{"href":"https:\/\/lahora.mx\/index.php\/wp-json\/wp\/v2\/posts"}],"about":[{"href":"https:\/\/lahora.mx\/index.php\/wp-json\/wp\/v2\/types\/post"}],"author":[{"embeddable":true,"href":"https:\/\/lahora.mx\/index.php\/wp-json\/wp\/v2\/users\/4"}],"replies":[{"embeddable":true,"href":"https:\/\/lahora.mx\/index.php\/wp-json\/wp\/v2\/comments?post=6543"}],"version-history":[{"count":1,"href":"https:\/\/lahora.mx\/index.php\/wp-json\/wp\/v2\/posts\/6543\/revisions"}],"predecessor-version":[{"id":6545,"href":"https:\/\/lahora.mx\/index.php\/wp-json\/wp\/v2\/posts\/6543\/revisions\/6545"}],"wp:featuredmedia":[{"embeddable":true,"href":"https:\/\/lahora.mx\/index.php\/wp-json\/wp\/v2\/media\/6544"}],"wp:attachment":[{"href":"https:\/\/lahora.mx\/index.php\/wp-json\/wp\/v2\/media?parent=6543"}],"wp:term":[{"taxonomy":"category","embeddable":true,"href":"https:\/\/lahora.mx\/index.php\/wp-json\/wp\/v2\/categories?post=6543"},{"taxonomy":"post_tag","embeddable":true,"href":"https:\/\/lahora.mx\/index.php\/wp-json\/wp\/v2\/tags?post=6543"}],"curies":[{"name":"wp","href":"https:\/\/api.w.org\/{rel}","templated":true}]}}