{"id":65427,"date":"2025-07-19T01:08:04","date_gmt":"2025-07-19T01:08:04","guid":{"rendered":"https:\/\/lahora.mx\/?p=65427"},"modified":"2025-07-19T01:08:04","modified_gmt":"2025-07-19T01:08:04","slug":"destituyen-a-francisco-quitl-de-normatividad-tras-conflicto-en-el-mercado-de-cholula","status":"publish","type":"post","link":"https:\/\/lahora.mx\/index.php\/2025\/07\/19\/destituyen-a-francisco-quitl-de-normatividad-tras-conflicto-en-el-mercado-de-cholula\/","title":{"rendered":"Destituyen a Francisco Quitl de Normatividad tras conflicto en el mercado de Cholula"},"content":{"rendered":"\n<p>Luego de que la presidenta municipal de San Pedro Cholula, Tonantzin Fern\u00e1ndez D\u00edaz, anunci\u00f3 la remoci\u00f3n de varios funcionarios como parte de las acciones derivadas de los hechos ocurridos el 8 de julio en el Mercado Cosme del Razo, trascendi\u00f3 que Francisco Quitl habr\u00eda sido separado de la Direcci\u00f3n de Normatividad, junto con al menos 7 colaboradores.<\/p>\n\n\n\n<p>Durante una declaraci\u00f3n p\u00fablica, la alcaldesa confirm\u00f3 que el Ayuntamiento realiz\u00f3 ajustes en distintas \u00e1reas de la administraci\u00f3n y presuntamente adem\u00e1s del equipo cercano a Quitl, tambi\u00e9n se habr\u00edan aplicado cambios en personal vinculado a la Sindicatura Municipal, no obstante, su titular, Iv\u00e1n Cuautle Minutti, permanece en el cargo.<\/p>\n\n\n\n<p>La alcaldesa explic\u00f3 que el \u00d3rgano Interno de Control lleva a cabo una investigaci\u00f3n sobre los disturbios registrados en el mercado, los cuales habr\u00edan sido provocados por personas ajenas al municipio; principalmente integrantes de la 28 de Octubre.<\/p>\n\n\n\n<p>El mismo d\u00eda de los hechos, comerciantes del mercado emitieron un pronunciamiento en el que exigieron una investigaci\u00f3n completa, la identificaci\u00f3n de responsables y la recuperaci\u00f3n de documentaci\u00f3n presuntamente sustra\u00edda, incluyendo t\u00edtulos de concesi\u00f3n.<\/p>\n\n\n\n<p>Al respecto, Tonantzin Fern\u00e1ndez inform\u00f3 que se reforz\u00f3 la seguridad en el mercado y asegur\u00f3 que se trabaja para brindar certeza jur\u00eddica a los locatarios afectados, asimismo, reiter\u00f3 que ning\u00fan funcionario estar\u00e1 por encima de la ley, independientemente del cargo que ocupe.<\/p>\n\n\n\n<p>El anuncio fue respaldado por integrantes del Cabildo, entre ellas las regidoras Dafne Hern\u00e1ndez, M\u00f3nica Garc\u00eda, Cristina Padr\u00f3n, Sheila Osorio y Reina Osorio, quienes expresaron su apoyo a las medidas tomadas por el Ayuntamiento.<\/p>\n","protected":false},"excerpt":{"rendered":"<p>Luego de que la presidenta municipal de San Pedro Cholula, Tonantzin Fern\u00e1ndez D\u00edaz, anunci\u00f3 la remoci\u00f3n de varios funcionarios como parte de las acciones derivadas de los hechos ocurridos el 8 de julio en el Mercado Cosme del Razo, trascendi\u00f3 que Francisco Quitl habr\u00eda sido separado de la Direcci\u00f3n de Normatividad, junto con al menos [&hellip;]<\/p>\n","protected":false},"author":4,"featured_media":65428,"comment_status":"open","ping_status":"open","sticky":false,"template":"","format":"standard","meta":{"om_disable_all_campaigns":false,"_monsterinsights_skip_tracking":false,"_monsterinsights_sitenote_active":false,"_monsterinsights_sitenote_note":"","_monsterinsights_sitenote_category":0,"footnotes":""},"categories":[175],"tags":[234],"class_list":["post-65427","post","type-post","status-publish","format-standard","has-post-thumbnail","hentry","category-local","tag-cholula"],"amp_enabled":true,"_links":{"self":[{"href":"https:\/\/lahora.mx\/index.php\/wp-json\/wp\/v2\/posts\/65427","targetHints":{"allow":["GET"]}}],"collection":[{"href":"https:\/\/lahora.mx\/index.php\/wp-json\/wp\/v2\/posts"}],"about":[{"href":"https:\/\/lahora.mx\/index.php\/wp-json\/wp\/v2\/types\/post"}],"author":[{"embeddable":true,"href":"https:\/\/lahora.mx\/index.php\/wp-json\/wp\/v2\/users\/4"}],"replies":[{"embeddable":true,"href":"https:\/\/lahora.mx\/index.php\/wp-json\/wp\/v2\/comments?post=65427"}],"version-history":[{"count":1,"href":"https:\/\/lahora.mx\/index.php\/wp-json\/wp\/v2\/posts\/65427\/revisions"}],"predecessor-version":[{"id":65429,"href":"https:\/\/lahora.mx\/index.php\/wp-json\/wp\/v2\/posts\/65427\/revisions\/65429"}],"wp:featuredmedia":[{"embeddable":true,"href":"https:\/\/lahora.mx\/index.php\/wp-json\/wp\/v2\/media\/65428"}],"wp:attachment":[{"href":"https:\/\/lahora.mx\/index.php\/wp-json\/wp\/v2\/media?parent=65427"}],"wp:term":[{"taxonomy":"category","embeddable":true,"href":"https:\/\/lahora.mx\/index.php\/wp-json\/wp\/v2\/categories?post=65427"},{"taxonomy":"post_tag","embeddable":true,"href":"https:\/\/lahora.mx\/index.php\/wp-json\/wp\/v2\/tags?post=65427"}],"curies":[{"name":"wp","href":"https:\/\/api.w.org\/{rel}","templated":true}]}}