{"id":65418,"date":"2025-07-18T23:22:52","date_gmt":"2025-07-18T23:22:52","guid":{"rendered":"https:\/\/lahora.mx\/?p=65418"},"modified":"2025-07-18T23:22:52","modified_gmt":"2025-07-18T23:22:52","slug":"presentan-a-8-semifinalistas-de-estados-unidos-del-concurso-mexico-canta","status":"publish","type":"post","link":"https:\/\/lahora.mx\/index.php\/2025\/07\/18\/presentan-a-8-semifinalistas-de-estados-unidos-del-concurso-mexico-canta\/","title":{"rendered":"Presentan a 8 semifinalistas de Estados Unidos del concurso M\u00e9xico Canta"},"content":{"rendered":"\n<p>El Gobierno de M\u00e9xico, a trav\u00e9s de la Secretar\u00eda de Cultura, present\u00f3 a los primeros ocho clasificados de M\u00e9xico canta por la paz y contra las adicciones, que ser\u00e1n parte de la semifinal de la regi\u00f3n este de Estados Unidos, como parte de la fase 3 del concurso binacional.<\/p>\n\n\n\n<p>La semifinal se realizar\u00e1 el pr\u00f3ximo 17 de agosto y la gran final se realizar\u00e1 el 5 de octubre en Teatro de la Ciudad Esperanza Iris en la Ciudad de M\u00e9xico.<\/p>\n\n\n\n<p>La presidenta Claudia Sheinbaum se\u00f1al\u00f3 que cada viernes se informar\u00e1n los avances del concurso binacional, el cual busca impulsar narrativas que no enaltecen la violencia, as\u00ed como las acciones en beneficio de los mexicanos que viven en Estados Unidos.<\/p>\n\n\n\n<p><\/p>\n\n\n\n<p>\u201cVamos a seguir informando cada viernes los apoyos a los mexicanos y mexicanas en Estados Unidos, tanto en el Consulado como cosas tan hermosas que van a ver ahora de M\u00e9xico Canta, actividades culturales; muchas otras cosas que tienen que ver con la vida de ellos ac\u00e1 y el v\u00ednculo que ellos tienen, de todas maneras, con sus familias y con nuestro pa\u00eds, pero que sea, todav\u00eda mayor ese v\u00ednculo y que sientan que el Gobierno de M\u00e9xico est\u00e1 siempre con ellas y con ellos\u201d, puntualiz\u00f3.<\/p>\n\n\n\n<p>Los semifinalistas, quienes ya trabajan sus piezas con la ayuda del productor Francisco Javier Ram\u00edrez en los estudios DLS Studios en Chicago, son:<\/p>\n\n\n\n<p>Alex Moreno, cantautor de m\u00fasica mexicana contempor\u00e1nea<br>Blue Malboro, cantautor de hip hop<br>Jos\u00e9 Carlos D\u00edaz, int\u00e9rprete de bolero y Donato Alfredo Mendoza Vargas, compositor de mariachi<br>Miroslava, int\u00e9rprete de pop-balada<br>Stephanie, cantautora de corrido tumbado<br>Mercedes Gala, cantautora de pop-balada<br>Two In Love &#8211; Dueto, int\u00e9rpretes de ranchera<br>Daya Dorado, cantautora de Tex Mex country<br>La secretaria de Cultura, Claudia Curiel de Icaza, inform\u00f3 que los semifinalistas y sus proyectos pueden ser consultados en la p\u00e1gina: https:\/\/t.ly\/z2vue<\/p>\n\n\n\n<p>Presentan a 8 semifinalistas de Estados Unidos del concurso M\u00e9xico Canta<br>Detall\u00f3 que, a partir del 17 de agosto, todos los domingos, de 19:00 a 21:00 horas, se transmitir\u00e1n las semifinales por regi\u00f3n, as\u00ed como la gran final en los m\u00e1s de 18 medios p\u00fablicos que hasta el momento se han sumado a M\u00e9xico canta por la paz y contra las adicciones, bajo el siguiente calendario:<\/p>\n\n\n\n<p>17 de agosto &#8211; Semifinal de la regi\u00f3n este de EUA<br>24 de agosto &#8211; Semifinal de la regi\u00f3n centro de EUA<br>31 de agosto &#8211; Semifinal de la regi\u00f3n oeste de EUA<br>7 de septiembre &#8211; Semifinal de la regi\u00f3n oeste de M\u00e9xico<br>14 de septiembre &#8211; Semifinal de la regi\u00f3n centro de M\u00e9xico<br>21 de septiembre &#8211; Semifinal de la regi\u00f3n sur de M\u00e9xico<br>28 de septiembre &#8211; Recapitulaci\u00f3n de lo mejor de las semifinales<br>5 de octubre &#8211; Gran final<br>Anunci\u00f3 que, los participantes de Estados Unidos y de las diferentes regiones de M\u00e9xico que lleguen a la final, ser\u00e1n trasladados desde sus lugares de residencia a la Ciudad de M\u00e9xico para presentarse en vivo desde el Teatro de la Ciudad Esperanza Iris.<\/p>\n","protected":false},"excerpt":{"rendered":"<p>El Gobierno de M\u00e9xico, a trav\u00e9s de la Secretar\u00eda de Cultura, present\u00f3 a los primeros ocho clasificados de M\u00e9xico canta por la paz y contra las adicciones, que ser\u00e1n parte de la semifinal de la regi\u00f3n este de Estados Unidos, como parte de la fase 3 del concurso binacional. La semifinal se realizar\u00e1 el pr\u00f3ximo [&hellip;]<\/p>\n","protected":false},"author":4,"featured_media":65419,"comment_status":"open","ping_status":"open","sticky":false,"template":"","format":"standard","meta":{"om_disable_all_campaigns":false,"_monsterinsights_skip_tracking":false,"_monsterinsights_sitenote_active":false,"_monsterinsights_sitenote_note":"","_monsterinsights_sitenote_category":0,"footnotes":""},"categories":[3,176],"tags":[],"class_list":["post-65418","post","type-post","status-publish","format-standard","has-post-thumbnail","hentry","category-entretenimiento","category-nacional"],"amp_enabled":true,"_links":{"self":[{"href":"https:\/\/lahora.mx\/index.php\/wp-json\/wp\/v2\/posts\/65418","targetHints":{"allow":["GET"]}}],"collection":[{"href":"https:\/\/lahora.mx\/index.php\/wp-json\/wp\/v2\/posts"}],"about":[{"href":"https:\/\/lahora.mx\/index.php\/wp-json\/wp\/v2\/types\/post"}],"author":[{"embeddable":true,"href":"https:\/\/lahora.mx\/index.php\/wp-json\/wp\/v2\/users\/4"}],"replies":[{"embeddable":true,"href":"https:\/\/lahora.mx\/index.php\/wp-json\/wp\/v2\/comments?post=65418"}],"version-history":[{"count":1,"href":"https:\/\/lahora.mx\/index.php\/wp-json\/wp\/v2\/posts\/65418\/revisions"}],"predecessor-version":[{"id":65420,"href":"https:\/\/lahora.mx\/index.php\/wp-json\/wp\/v2\/posts\/65418\/revisions\/65420"}],"wp:featuredmedia":[{"embeddable":true,"href":"https:\/\/lahora.mx\/index.php\/wp-json\/wp\/v2\/media\/65419"}],"wp:attachment":[{"href":"https:\/\/lahora.mx\/index.php\/wp-json\/wp\/v2\/media?parent=65418"}],"wp:term":[{"taxonomy":"category","embeddable":true,"href":"https:\/\/lahora.mx\/index.php\/wp-json\/wp\/v2\/categories?post=65418"},{"taxonomy":"post_tag","embeddable":true,"href":"https:\/\/lahora.mx\/index.php\/wp-json\/wp\/v2\/tags?post=65418"}],"curies":[{"name":"wp","href":"https:\/\/api.w.org\/{rel}","templated":true}]}}