{"id":65412,"date":"2025-07-18T23:20:50","date_gmt":"2025-07-18T23:20:50","guid":{"rendered":"https:\/\/lahora.mx\/?p=65412"},"modified":"2025-07-18T23:20:51","modified_gmt":"2025-07-18T23:20:51","slug":"gobierno-de-la-ciudad-impulsa-app-para-reportar-alumbrado-publico-con-fallas","status":"publish","type":"post","link":"https:\/\/lahora.mx\/index.php\/2025\/07\/18\/gobierno-de-la-ciudad-impulsa-app-para-reportar-alumbrado-publico-con-fallas\/","title":{"rendered":"Gobierno de la Ciudad impulsa app para reportar alumbrado p\u00fablico con fallas"},"content":{"rendered":"\n<p>A trav\u00e9s de la Secretar\u00eda de Servicios P\u00fablicos, el Gobierno de la Ciudad, encabezado por el presidente Pepe Chedraui Budib, impuls\u00f3 la aplicaci\u00f3n Puebla Brilla, una herramienta tecnol\u00f3gica dise\u00f1ada para que la ciudadan\u00eda reporte luminarias con alguna falla de forma f\u00e1cil, r\u00e1pida y segura.<\/p>\n\n\n\n<p>La aplicaci\u00f3n fue puesta en marcha como parte de la estrategia Puebla Brilla, la cual est\u00e1 disponible para su descarga en sistemas Android y iOS.<\/p>\n\n\n\n<p>Gobierno de la Ciudad impulsa app para reportar alumbrado p\u00fablico con fallas<br>A trav\u00e9s de Puebla Brilla, las personas pueden informar sobre l\u00e1mparas apagadas; prendidas durante el d\u00eda o intermitentes; as\u00ed como postes ca\u00eddos, da\u00f1ados o sin luminaria, para que se les brinde atenci\u00f3n.<\/p>\n\n\n\n<p>Para emplear la aplicaci\u00f3n es necesario hacer el registro del usuario, despu\u00e9s se deber\u00e1 ingresar la ubicaci\u00f3n de la luminaria y\/o el n\u00famero de poste de la misma, lo que permitir\u00e1 al personal de alumbrado p\u00fablico localizarla de manera m\u00e1s eficiente.<\/p>\n\n\n\n<p>Gobierno de la Ciudad impulsa app para reportar alumbrado p\u00fablico con fallas<br>Posteriormente, es necesario elegir el tipo de falla e ingresar una fotograf\u00eda de la l\u00e1mpara como evidencia para mayor precisi\u00f3n y finamente se concluye enviando el reporte.<\/p>\n","protected":false},"excerpt":{"rendered":"<p>A trav\u00e9s de la Secretar\u00eda de Servicios P\u00fablicos, el Gobierno de la Ciudad, encabezado por el presidente Pepe Chedraui Budib, impuls\u00f3 la aplicaci\u00f3n Puebla Brilla, una herramienta tecnol\u00f3gica dise\u00f1ada para que la ciudadan\u00eda reporte luminarias con alguna falla de forma f\u00e1cil, r\u00e1pida y segura. La aplicaci\u00f3n fue puesta en marcha como parte de la estrategia [&hellip;]<\/p>\n","protected":false},"author":4,"featured_media":65413,"comment_status":"open","ping_status":"open","sticky":false,"template":"","format":"standard","meta":{"om_disable_all_campaigns":false,"_monsterinsights_skip_tracking":false,"_monsterinsights_sitenote_active":false,"_monsterinsights_sitenote_note":"","_monsterinsights_sitenote_category":0,"footnotes":""},"categories":[175],"tags":[239,223],"class_list":["post-65412","post","type-post","status-publish","format-standard","has-post-thumbnail","hentry","category-local","tag-gobierno","tag-puebla"],"amp_enabled":true,"_links":{"self":[{"href":"https:\/\/lahora.mx\/index.php\/wp-json\/wp\/v2\/posts\/65412","targetHints":{"allow":["GET"]}}],"collection":[{"href":"https:\/\/lahora.mx\/index.php\/wp-json\/wp\/v2\/posts"}],"about":[{"href":"https:\/\/lahora.mx\/index.php\/wp-json\/wp\/v2\/types\/post"}],"author":[{"embeddable":true,"href":"https:\/\/lahora.mx\/index.php\/wp-json\/wp\/v2\/users\/4"}],"replies":[{"embeddable":true,"href":"https:\/\/lahora.mx\/index.php\/wp-json\/wp\/v2\/comments?post=65412"}],"version-history":[{"count":1,"href":"https:\/\/lahora.mx\/index.php\/wp-json\/wp\/v2\/posts\/65412\/revisions"}],"predecessor-version":[{"id":65414,"href":"https:\/\/lahora.mx\/index.php\/wp-json\/wp\/v2\/posts\/65412\/revisions\/65414"}],"wp:featuredmedia":[{"embeddable":true,"href":"https:\/\/lahora.mx\/index.php\/wp-json\/wp\/v2\/media\/65413"}],"wp:attachment":[{"href":"https:\/\/lahora.mx\/index.php\/wp-json\/wp\/v2\/media?parent=65412"}],"wp:term":[{"taxonomy":"category","embeddable":true,"href":"https:\/\/lahora.mx\/index.php\/wp-json\/wp\/v2\/categories?post=65412"},{"taxonomy":"post_tag","embeddable":true,"href":"https:\/\/lahora.mx\/index.php\/wp-json\/wp\/v2\/tags?post=65412"}],"curies":[{"name":"wp","href":"https:\/\/api.w.org\/{rel}","templated":true}]}}