{"id":65400,"date":"2025-07-18T23:17:03","date_gmt":"2025-07-18T23:17:03","guid":{"rendered":"https:\/\/lahora.mx\/?p=65400"},"modified":"2025-07-18T23:17:04","modified_gmt":"2025-07-18T23:17:04","slug":"puebla-se-suma-al-circuito-mundial-de-tiro-con-arco","status":"publish","type":"post","link":"https:\/\/lahora.mx\/index.php\/2025\/07\/18\/puebla-se-suma-al-circuito-mundial-de-tiro-con-arco\/","title":{"rendered":"Puebla se suma al circuito mundial de tiro con arco"},"content":{"rendered":"\n<p>Puebla ser\u00e1 sede de la Primera Etapa del Serial de Copas del Mundo de Tiro con Arco 2026. Este evento reunir\u00e1 a m\u00e1s de 300 atletas de talla internacional. El anuncio lo confirm\u00f3 World Archery M\u00e9xico, que destac\u00f3 la importancia de este evento para el desarrollo del deporte en el pa\u00eds. El torneo se disputar\u00e1 del 7 al 12 de abril del 2026.<\/p>\n\n\n\n<p>Esta competencia est\u00e1 compuesta por cuatro etapas, en las que los mejores arqueros del mundo buscar\u00e1n sumar puntos rumbo a la gran final. Entre los participantes se esperan figuras destacadas como los mexicanos Alejandra Valencia y Mat\u00edas Grande, adem\u00e1s de figuras internacionales como los coreanos Kim Woo-jin y Lim Si-hyeon, actual n\u00famero uno a nivel mundial.<\/p>\n\n\n\n<p>Durante los cinco d\u00edas de competencia se disputar\u00e1n pruebas en las modalidades de arco recurvo y compuesto, en categor\u00edas individual, por equipos y mixtas. Este sistema permitir\u00e1 evaluar distintos estilos y niveles de precisi\u00f3n entre los competidores.<\/p>\n\n\n\n<p>A diferencia de ediciones anteriores en M\u00e9xico que contaron con una menor participaci\u00f3n de atletas, esta etapa en Puebla ser\u00e1 una de las m\u00e1s concurridas. Se estima que el evento se realice en un estadio adaptado como campo de tiro, lo cual implicar\u00e1 un despliegue log\u00edstico poco habitual dentro del circuito internacional.<\/p>\n\n\n\n<p>La elecci\u00f3n del estado de Puebla se dio en parte por su riqueza cultural, gastron\u00f3mica y tur\u00edstica. La ciudad se incluy\u00f3 dentro de un selecto grupo de sedes del serial, que incluye a Shangh\u00e1i, Antalya y Madrid.<\/p>\n\n\n\n<p>M\u00e9xico ha sido sede de varias ediciones del serial, con Yucat\u00e1n (2006), Ciudad de M\u00e9xico (2018), Tlaxcala (2022-2024) y Sonora (2023) como anfitriones previos. Esta ser\u00e1 la primera vez que Puebla reciba un evento de esta magnitud.<\/p>\n\n\n\n<p>En 2025, M\u00e9xico gan\u00f3 la etapa inaugural del serial celebrada en Florida, donde se galardon\u00f3 con seis medallas. La m\u00e1s reciente actuaci\u00f3n destacada fue en los Juegos Ol\u00edmpicos de Par\u00eds 2024, donde el equipo femenil nacional obtuvo medalla de bronce.<\/p>\n","protected":false},"excerpt":{"rendered":"<p>Puebla ser\u00e1 sede de la Primera Etapa del Serial de Copas del Mundo de Tiro con Arco 2026. Este evento reunir\u00e1 a m\u00e1s de 300 atletas de talla internacional. El anuncio lo confirm\u00f3 World Archery M\u00e9xico, que destac\u00f3 la importancia de este evento para el desarrollo del deporte en el pa\u00eds. El torneo se disputar\u00e1 [&hellip;]<\/p>\n","protected":false},"author":4,"featured_media":65401,"comment_status":"open","ping_status":"open","sticky":false,"template":"","format":"standard","meta":{"om_disable_all_campaigns":false,"_monsterinsights_skip_tracking":false,"_monsterinsights_sitenote_active":false,"_monsterinsights_sitenote_note":"","_monsterinsights_sitenote_category":0,"footnotes":""},"categories":[175,6],"tags":[223,142],"class_list":["post-65400","post","type-post","status-publish","format-standard","has-post-thumbnail","hentry","category-local","category-sports","tag-puebla","tag-sports"],"amp_enabled":true,"_links":{"self":[{"href":"https:\/\/lahora.mx\/index.php\/wp-json\/wp\/v2\/posts\/65400","targetHints":{"allow":["GET"]}}],"collection":[{"href":"https:\/\/lahora.mx\/index.php\/wp-json\/wp\/v2\/posts"}],"about":[{"href":"https:\/\/lahora.mx\/index.php\/wp-json\/wp\/v2\/types\/post"}],"author":[{"embeddable":true,"href":"https:\/\/lahora.mx\/index.php\/wp-json\/wp\/v2\/users\/4"}],"replies":[{"embeddable":true,"href":"https:\/\/lahora.mx\/index.php\/wp-json\/wp\/v2\/comments?post=65400"}],"version-history":[{"count":1,"href":"https:\/\/lahora.mx\/index.php\/wp-json\/wp\/v2\/posts\/65400\/revisions"}],"predecessor-version":[{"id":65402,"href":"https:\/\/lahora.mx\/index.php\/wp-json\/wp\/v2\/posts\/65400\/revisions\/65402"}],"wp:featuredmedia":[{"embeddable":true,"href":"https:\/\/lahora.mx\/index.php\/wp-json\/wp\/v2\/media\/65401"}],"wp:attachment":[{"href":"https:\/\/lahora.mx\/index.php\/wp-json\/wp\/v2\/media?parent=65400"}],"wp:term":[{"taxonomy":"category","embeddable":true,"href":"https:\/\/lahora.mx\/index.php\/wp-json\/wp\/v2\/categories?post=65400"},{"taxonomy":"post_tag","embeddable":true,"href":"https:\/\/lahora.mx\/index.php\/wp-json\/wp\/v2\/tags?post=65400"}],"curies":[{"name":"wp","href":"https:\/\/api.w.org\/{rel}","templated":true}]}}