{"id":6540,"date":"2022-05-05T20:12:35","date_gmt":"2022-05-05T20:12:35","guid":{"rendered":"http:\/\/lahora.mx\/?p=6540"},"modified":"2022-09-08T11:16:41","modified_gmt":"2022-09-08T11:16:41","slug":"es-un-ejemplo-a-seguir-menciona-la-rectora-lilia-cedillo-tras-reunion-con-el-matador","status":"publish","type":"post","link":"https:\/\/lahora.mx\/index.php\/2022\/05\/05\/es-un-ejemplo-a-seguir-menciona-la-rectora-lilia-cedillo-tras-reunion-con-el-matador\/","title":{"rendered":"Un ejemplo a Seguir menciona Lilia Cedillo Rectora BUAP"},"content":{"rendered":"\n<p>Por su victoria del pasado 30 de abril, en la Noche de&nbsp;<em>knockout<\/em>&nbsp;en la Arena BUAP, donde venci\u00f3 a su contrincante por&nbsp;<em>knockout<\/em>&nbsp;t\u00e9cnico en el tercer&nbsp;<em>round<\/em>, la Rectora Lilia Cedillo Ram\u00edrez felicit\u00f3 a Sa\u00fal, \u201cEl Matador\u201d, Rivera, estudiante de sexto semestre de la Licenciatura en Arquitectura de la BUAP, a quien confi\u00f3 que su disciplina y pasi\u00f3n por el boxeo lo convertir\u00e1n en un ejemplo a seguir.<\/p>\n\n\n\n<p>Por su parte, el pugilista peso mosca extern\u00f3 su agradecimiento a la Rectora de la BUAP por impulsar el deporte universitario: \u201cMe siento orgulloso de portar los colores de la universidad\u201d. Asimismo, la invit\u00f3 a sumarse al proyecto \u201c12 rounds por Puebla\u201d, a trav\u00e9s del cual se pretende atacar la obesidad infantil, el acoso escolar, las adicciones, el sedentarismo y la violencia contra las mujeres.<\/p>\n\n\n\n<p>Su poderoso gancho, por algo lo nombran \u201cEl Matador\u201d, lo posiciona como una de las promesas de peso superligero en Puebla y el pa\u00eds. Como amateur tuvo 22 peleas, de las cuales gan\u00f3 21 por&nbsp;<em>knockout<\/em>. A\u00f1os de esfuerzo y horas de entrenamiento han rendido sus frutos, pues en 2021 dio el gran salto para convertirse en pugilista profesional. Entre sus planes est\u00e1 viajar a Jap\u00f3n para tener preparaciones y entrenamientos. Sa\u00fal Rivera s\u00f3lo tiene un objetivo: ser campe\u00f3n mundial de boxeo.<\/p>\n","protected":false},"excerpt":{"rendered":"<p>Por su victoria del pasado 30 de abril, en la Noche de&nbsp;knockout&nbsp;en la Arena BUAP, donde venci\u00f3 a su contrincante por&nbsp;knockout&nbsp;t\u00e9cnico en el tercer&nbsp;round, la Rectora Lilia Cedillo Ram\u00edrez felicit\u00f3 a Sa\u00fal, \u201cEl Matador\u201d, Rivera, estudiante de sexto semestre de la Licenciatura en Arquitectura de la BUAP, a quien confi\u00f3 que su disciplina y pasi\u00f3n [&hellip;]<\/p>\n","protected":false},"author":4,"featured_media":6541,"comment_status":"open","ping_status":"open","sticky":false,"template":"","format":"standard","meta":{"om_disable_all_campaigns":false,"_monsterinsights_skip_tracking":false,"_monsterinsights_sitenote_active":false,"_monsterinsights_sitenote_note":"","_monsterinsights_sitenote_category":0,"footnotes":""},"categories":[175],"tags":[186,223],"class_list":["post-6540","post","type-post","status-publish","format-standard","has-post-thumbnail","hentry","category-local","tag-buap","tag-puebla"],"amp_enabled":true,"_links":{"self":[{"href":"https:\/\/lahora.mx\/index.php\/wp-json\/wp\/v2\/posts\/6540","targetHints":{"allow":["GET"]}}],"collection":[{"href":"https:\/\/lahora.mx\/index.php\/wp-json\/wp\/v2\/posts"}],"about":[{"href":"https:\/\/lahora.mx\/index.php\/wp-json\/wp\/v2\/types\/post"}],"author":[{"embeddable":true,"href":"https:\/\/lahora.mx\/index.php\/wp-json\/wp\/v2\/users\/4"}],"replies":[{"embeddable":true,"href":"https:\/\/lahora.mx\/index.php\/wp-json\/wp\/v2\/comments?post=6540"}],"version-history":[{"count":5,"href":"https:\/\/lahora.mx\/index.php\/wp-json\/wp\/v2\/posts\/6540\/revisions"}],"predecessor-version":[{"id":13222,"href":"https:\/\/lahora.mx\/index.php\/wp-json\/wp\/v2\/posts\/6540\/revisions\/13222"}],"wp:featuredmedia":[{"embeddable":true,"href":"https:\/\/lahora.mx\/index.php\/wp-json\/wp\/v2\/media\/6541"}],"wp:attachment":[{"href":"https:\/\/lahora.mx\/index.php\/wp-json\/wp\/v2\/media?parent=6540"}],"wp:term":[{"taxonomy":"category","embeddable":true,"href":"https:\/\/lahora.mx\/index.php\/wp-json\/wp\/v2\/categories?post=6540"},{"taxonomy":"post_tag","embeddable":true,"href":"https:\/\/lahora.mx\/index.php\/wp-json\/wp\/v2\/tags?post=6540"}],"curies":[{"name":"wp","href":"https:\/\/api.w.org\/{rel}","templated":true}]}}