{"id":65394,"date":"2025-07-18T16:00:08","date_gmt":"2025-07-18T16:00:08","guid":{"rendered":"https:\/\/lahora.mx\/?p=65394"},"modified":"2025-07-18T16:00:09","modified_gmt":"2025-07-18T16:00:09","slug":"puebla-anfitrion-del-pugilismo-nacional-en-olimpiadas-conade","status":"publish","type":"post","link":"https:\/\/lahora.mx\/index.php\/2025\/07\/18\/puebla-anfitrion-del-pugilismo-nacional-en-olimpiadas-conade\/","title":{"rendered":"Puebla, anfitri\u00f3n del pugilismo nacional en Olimpiadas CONADE"},"content":{"rendered":"\n<p>El gobernador Alejandro Armenta asisti\u00f3 al primer d\u00eda de peleas de Box como parte de las Olimpiadas Nacionales CONADE, en las que despu\u00e9s de 10 a\u00f1os, Puebla participa y adem\u00e1s es sede, al recibir a 498 participantes de todo el pa\u00eds.<\/p>\n\n\n\n<p>El mandatario estatal afirm\u00f3 que todas las delegaciones ya son campeonas, ya que las y los mejores boxeadores de M\u00e9xico est\u00e1n en Puebla. \u201cNos sentimos orgullosos y les deseamos \u00e9xito a todas y todos. Son unos campeones\u00bb.<\/p>\n\n\n\n<p>El gobernador subray\u00f3 que el deporte en su gobierno es una prioridad y una pol\u00edtica de estado, que contribuye a reconstruir el tejido social, como un instrumento de salud y seguridad.<\/p>\n\n\n\n<p>Al tener como escenario principal el Gimnasio Miguel Hidalgo, el gobernador Alejandro Armenta, acompa\u00f1ado por el presidente de la Federaci\u00f3n Mexicana de Box (FMB), Oscar Contreras; la secretaria de Deporte y Juventud, Gabriela S\u00e1nchez Saavedra y la subsecretaria de Juventud, Alexa Espidio; presenci\u00f3 emocionantes y r\u00edspidos combates, donde tuvieron acci\u00f3n las y los boxeadores de la delegaci\u00f3n poblana.<\/p>\n\n\n\n<p>El j\u00f3ven boxeador poblano, Leonardo Monte\u00f3n Juarez, indic\u00f3 que previo al inicio de los encuentros el ejecutivo estatal los exhort\u00f3 a dar todo sobre el ring, dijo que el mensaje los motiva. Adem\u00e1s, al ser sede representa una gran oportunidad para demostrar que Puebla tiene un gran nivel en la especialidad.<\/p>\n\n\n\n<p>En tanto, para Brenda Joselin Guti\u00e9rrez Cort\u00e9s, pugilista poblana la competencia nacional es una gran oportunidad para darse a conocer y obtener una medalla para Puebla, ya que afirm\u00f3 representar al estado significa un gran orgullo.<\/p>\n","protected":false},"excerpt":{"rendered":"<p>El gobernador Alejandro Armenta asisti\u00f3 al primer d\u00eda de peleas de Box como parte de las Olimpiadas Nacionales CONADE, en las que despu\u00e9s de 10 a\u00f1os, Puebla participa y adem\u00e1s es sede, al recibir a 498 participantes de todo el pa\u00eds. El mandatario estatal afirm\u00f3 que todas las delegaciones ya son campeonas, ya que las [&hellip;]<\/p>\n","protected":false},"author":4,"featured_media":65395,"comment_status":"open","ping_status":"open","sticky":false,"template":"","format":"standard","meta":{"om_disable_all_campaigns":false,"_monsterinsights_skip_tracking":false,"_monsterinsights_sitenote_active":false,"_monsterinsights_sitenote_note":"","_monsterinsights_sitenote_category":0,"footnotes":""},"categories":[6],"tags":[142],"class_list":["post-65394","post","type-post","status-publish","format-standard","has-post-thumbnail","hentry","category-sports","tag-sports"],"amp_enabled":true,"_links":{"self":[{"href":"https:\/\/lahora.mx\/index.php\/wp-json\/wp\/v2\/posts\/65394","targetHints":{"allow":["GET"]}}],"collection":[{"href":"https:\/\/lahora.mx\/index.php\/wp-json\/wp\/v2\/posts"}],"about":[{"href":"https:\/\/lahora.mx\/index.php\/wp-json\/wp\/v2\/types\/post"}],"author":[{"embeddable":true,"href":"https:\/\/lahora.mx\/index.php\/wp-json\/wp\/v2\/users\/4"}],"replies":[{"embeddable":true,"href":"https:\/\/lahora.mx\/index.php\/wp-json\/wp\/v2\/comments?post=65394"}],"version-history":[{"count":1,"href":"https:\/\/lahora.mx\/index.php\/wp-json\/wp\/v2\/posts\/65394\/revisions"}],"predecessor-version":[{"id":65396,"href":"https:\/\/lahora.mx\/index.php\/wp-json\/wp\/v2\/posts\/65394\/revisions\/65396"}],"wp:featuredmedia":[{"embeddable":true,"href":"https:\/\/lahora.mx\/index.php\/wp-json\/wp\/v2\/media\/65395"}],"wp:attachment":[{"href":"https:\/\/lahora.mx\/index.php\/wp-json\/wp\/v2\/media?parent=65394"}],"wp:term":[{"taxonomy":"category","embeddable":true,"href":"https:\/\/lahora.mx\/index.php\/wp-json\/wp\/v2\/categories?post=65394"},{"taxonomy":"post_tag","embeddable":true,"href":"https:\/\/lahora.mx\/index.php\/wp-json\/wp\/v2\/tags?post=65394"}],"curies":[{"name":"wp","href":"https:\/\/api.w.org\/{rel}","templated":true}]}}