{"id":65388,"date":"2025-07-18T15:56:53","date_gmt":"2025-07-18T15:56:53","guid":{"rendered":"https:\/\/lahora.mx\/?p=65388"},"modified":"2025-07-18T15:56:53","modified_gmt":"2025-07-18T15:56:53","slug":"ciudad-universitaria-monumento-artistico-de-la-nacion","status":"publish","type":"post","link":"https:\/\/lahora.mx\/index.php\/2025\/07\/18\/ciudad-universitaria-monumento-artistico-de-la-nacion\/","title":{"rendered":"Ciudad Universitaria, monumento art\u00edstico de la naci\u00f3n"},"content":{"rendered":"\n<p>Uno de los mayores orgullos de Ciudad Universitaria es que su campus central es Patrimonio Cultural de la Humanidad, pero este nombramiento no hubiera sido posible si el 18 de julio de 2005 no hubiera sido declarado Monumento Art\u00edstico de la Naci\u00f3n, afirm\u00f3 Enrique de Anda Alan\u00eds, del Instituto de Investigaciones Est\u00e9ticas de la UNAM y principal promotor del nombramiento.<br><br>\u201cEn las grandes celebraciones se habla del campus central como Patrimonio Mundial de la UNESCO, pero pocas veces se recuerda que es Monumento Art\u00edstico de la Naci\u00f3n, y el primero en ser valorado no por una pieza en particular, sino como un conjunto\u201d, destac\u00f3 el experto.<\/p>\n\n\n\n<p>El nombramiento se hizo oficial al ser publicado (el 18 de julio) en el Diario Oficial de la Federaci\u00f3n el \u201cdecreto por el que se declara monumento art\u00edstico el conjunto arquitect\u00f3nico conocido como Ciudad Universitaria\u201d, mismo que entr\u00f3 en vigor al d\u00eda siguiente.<\/p>\n\n\n\n<p>Para ese nombramiento se tom\u00f3 en cuenta que el campus central, construido entre 1949 y 1952, era (y contin\u00faa siendo) uno de los m\u00e1s notables ejemplos urban\u00edsticos de M\u00e9xico, una obra cumbre de calidad e innovaci\u00f3n de la arquitectura mexicana, con gran despliegue y asimilaci\u00f3n de avances t\u00e9cnico, lo que permiti\u00f3 una profunda integraci\u00f3n pl\u00e1stica, a cuya convocatoria respondieron artistas pl\u00e1sticos, en cantidad y calidad sin precedente, record\u00f3.<\/p>\n\n\n\n<p>De Anda Alan\u00eds fue el principal proponente del nombramiento, junto con Ciro Caravallo, de la UNESCO, y el Consejo Internacional de Monumentos y Sitios (ICOMOS), quienes integraron el expediente que fue promovido oficialmente con el apoyo de la Direcci\u00f3n de Proyectos Especiales de la Universidad, y las oficinas del Abogado General y de Patrimonio Universitario.<\/p>\n\n\n\n<p>La declaratoria incluye el primer circuito universitario, inaugurado en 1952, con sus m\u00e1s de 50 edificios dentro de una zona n\u00facleo de 176.5 hect\u00e1reas, que representan casi 25 por ciento de las 730 hect\u00e1reas totales del campus. Como l\u00edmites tiene: hacia el poniente el Estadio Ol\u00edmpico; al sur los frontones y la zona deportiva; al oriente la Facultad de Medicina, y al norte los edificios de las facultades de Filosof\u00eda y Letras, Derecho, Econom\u00eda y Odontolog\u00eda.<\/p>\n\n\n\n<p>Ciudad Universitaria est\u00e1 asociada directa y materialmente a acontecimientos, ideas y obras de significado universal extraordinario; es considerada una de las mejores de Iberoam\u00e9rica, demostrando as\u00ed su liderazgo educativo, cient\u00edfico y cultural.<\/p>\n\n\n\n<p>Adem\u00e1s, hace referencia constante a la calidad y pluralidad del pensamiento de grandes personalidades de la ciencia, las artes y las humanidades a nivel nacional e internacional. El campus central es s\u00edmbolo universal de la transmisi\u00f3n del conocimiento a lo largo del tiempo.<\/p>\n\n\n\n<p>La declaratoria se logr\u00f3 porque la Universidad Nacional hab\u00eda mantenido, en gran porcentaje, la originalidad del campus; \u201ca lo largo de cinco d\u00e9cadas no tuvo muchas modificaciones, conserv\u00f3 su esencia, factor principal para lograr el reconocimiento\u201d, dijo el ganador del Premio Universidad Nacional 2015 en Arquitectura y Dise\u00f1o.<\/p>\n\n\n\n<p>M\u00e1s all\u00e1 de albergar piezas art\u00edsticas de gran valor de David Alfaro Siqueiros, Juan O\u2019Gorman y Diego Rivera, en Ciudad Universitaria se han celebrado y registrado eventos hist\u00f3ricos: \u201cen sus salones los premios Nobel de M\u00e9xico compartieron sus conocimientos, fue clave en M\u00e9xico 68 con el movimiento estudiantil y los Juegos Ol\u00edmpicos; el Mundial de Futbol del 86. Ha sido escenario de hechos que conforman la cultura mexicana\u201d.<\/p>\n\n\n\n<p>El fundador del Archivo Arquitectura Mexicana y Cultura Visual del Siglo XX, as\u00ed como del Seminario de Arquitectura Moderna, acentu\u00f3 que el nombramiento de Monumento Art\u00edstico garantiza la preservaci\u00f3n del campus original, ofrece la posibilidad de que organismos nacionales e internacionales contribuyan con recursos y programas espec\u00edficos para mejorar el mantenimiento, y exige el compromiso de tener cuidado con las intervenciones que se requieran para mantener en buen estado los murales y \u00e1reas verdes, adem\u00e1s de crear conciencia en la comunidad sobre el valor cultural del conjunto.<\/p>\n\n\n\n<p>De Anda Alan\u00eds reiter\u00f3 que ser Monumento Art\u00edstico es requisito de la UNESCO para avanzar en el nombramiento de Patrimonio de la Humanidad, pues el primero que debe reconocer la importancia de una obra o sitio es la naci\u00f3n de origen.<\/p>\n\n\n\n<p>La historia que llev\u00f3 a las declaratorias de Monumento Art\u00edstico y de Patrimonio de la Humanidad qued\u00f3 plasmada en el libro \u201cHaza\u00f1a y Memoria, el campus de Ciudad Universitaria del Pedregal\u201d, editado por la Coordinaci\u00f3n de Humanidades de la UNAM, donde se narra el proceso que se sigui\u00f3.<\/p>\n","protected":false},"excerpt":{"rendered":"<p>Uno de los mayores orgullos de Ciudad Universitaria es que su campus central es Patrimonio Cultural de la Humanidad, pero este nombramiento no hubiera sido posible si el 18 de julio de 2005 no hubiera sido declarado Monumento Art\u00edstico de la Naci\u00f3n, afirm\u00f3 Enrique de Anda Alan\u00eds, del Instituto de Investigaciones Est\u00e9ticas de la UNAM [&hellip;]<\/p>\n","protected":false},"author":4,"featured_media":65389,"comment_status":"open","ping_status":"open","sticky":false,"template":"","format":"standard","meta":{"om_disable_all_campaigns":false,"_monsterinsights_skip_tracking":false,"_monsterinsights_sitenote_active":false,"_monsterinsights_sitenote_note":"","_monsterinsights_sitenote_category":0,"footnotes":""},"categories":[3,176],"tags":[],"class_list":["post-65388","post","type-post","status-publish","format-standard","has-post-thumbnail","hentry","category-entretenimiento","category-nacional"],"amp_enabled":true,"_links":{"self":[{"href":"https:\/\/lahora.mx\/index.php\/wp-json\/wp\/v2\/posts\/65388","targetHints":{"allow":["GET"]}}],"collection":[{"href":"https:\/\/lahora.mx\/index.php\/wp-json\/wp\/v2\/posts"}],"about":[{"href":"https:\/\/lahora.mx\/index.php\/wp-json\/wp\/v2\/types\/post"}],"author":[{"embeddable":true,"href":"https:\/\/lahora.mx\/index.php\/wp-json\/wp\/v2\/users\/4"}],"replies":[{"embeddable":true,"href":"https:\/\/lahora.mx\/index.php\/wp-json\/wp\/v2\/comments?post=65388"}],"version-history":[{"count":1,"href":"https:\/\/lahora.mx\/index.php\/wp-json\/wp\/v2\/posts\/65388\/revisions"}],"predecessor-version":[{"id":65390,"href":"https:\/\/lahora.mx\/index.php\/wp-json\/wp\/v2\/posts\/65388\/revisions\/65390"}],"wp:featuredmedia":[{"embeddable":true,"href":"https:\/\/lahora.mx\/index.php\/wp-json\/wp\/v2\/media\/65389"}],"wp:attachment":[{"href":"https:\/\/lahora.mx\/index.php\/wp-json\/wp\/v2\/media?parent=65388"}],"wp:term":[{"taxonomy":"category","embeddable":true,"href":"https:\/\/lahora.mx\/index.php\/wp-json\/wp\/v2\/categories?post=65388"},{"taxonomy":"post_tag","embeddable":true,"href":"https:\/\/lahora.mx\/index.php\/wp-json\/wp\/v2\/tags?post=65388"}],"curies":[{"name":"wp","href":"https:\/\/api.w.org\/{rel}","templated":true}]}}