{"id":65385,"date":"2025-07-18T15:55:57","date_gmt":"2025-07-18T15:55:57","guid":{"rendered":"https:\/\/lahora.mx\/?p=65385"},"modified":"2025-07-18T15:55:57","modified_gmt":"2025-07-18T15:55:57","slug":"manantial-san-ignacio-se-recupera-al-100-en-tehuacan-piden-cuidar-agua","status":"publish","type":"post","link":"https:\/\/lahora.mx\/index.php\/2025\/07\/18\/manantial-san-ignacio-se-recupera-al-100-en-tehuacan-piden-cuidar-agua\/","title":{"rendered":"Manantial San Ignacio se recupera al 100% en Tehuac\u00e1n, piden cuidar agua"},"content":{"rendered":"\n<p>Las recientes lluvias en Tehuac\u00e1n permitieron que el manantial de San Ignacio \u2014una de las principales fuentes de abastecimiento de agua potable en la ciudad\u2014 se recargara completamente, lo que representa un alivio para por lo menos 50 colonias que dependen de este suministro.<\/p>\n\n\n\n<p>De acuerdo con personal del Organismo Operador del Servicio de Agua Potable y Alcantarillado de Tehuac\u00e1n (Oosapat), este manantial suele presentar una reducci\u00f3n de entre 5 y 25% durante la temporada de estiaje, sin embargo, tras las lluvias de las \u00faltimas semanas, su nivel se encuentra al 100%.<\/p>\n\n\n\n<p>La recuperaci\u00f3n de esta fuente visible de agua es importante porque permite monitorear en tiempo real su comportamiento, a diferencia de otras fuentes subterr\u00e1neas que tambi\u00e9n se recargan pero son m\u00e1s dif\u00edciles de medir.<\/p>\n\n\n\n<p>Aunque el rebosamiento del manantial es una buena noticia para el municipio, el llamado sigue siendo a la poblaci\u00f3n: evitar el desperdicio de agua, reparar fugas, cerrar correctamente las llaves y reportar cualquier anomal\u00eda en la red.<\/p>\n\n\n\n<p>El recurso h\u00eddrico sigue siendo limitado, advirtieron trabajadores del organismo, por lo que el hecho de que hoy haya suficiente no garantiza el abastecimiento a largo plazo si no se modifica el consumo diario de las familias.<\/p>\n","protected":false},"excerpt":{"rendered":"<p>Las recientes lluvias en Tehuac\u00e1n permitieron que el manantial de San Ignacio \u2014una de las principales fuentes de abastecimiento de agua potable en la ciudad\u2014 se recargara completamente, lo que representa un alivio para por lo menos 50 colonias que dependen de este suministro. De acuerdo con personal del Organismo Operador del Servicio de Agua [&hellip;]<\/p>\n","protected":false},"author":4,"featured_media":65386,"comment_status":"open","ping_status":"open","sticky":false,"template":"","format":"standard","meta":{"om_disable_all_campaigns":false,"_monsterinsights_skip_tracking":false,"_monsterinsights_sitenote_active":false,"_monsterinsights_sitenote_note":"","_monsterinsights_sitenote_category":0,"footnotes":""},"categories":[3,175,176],"tags":[223],"class_list":["post-65385","post","type-post","status-publish","format-standard","has-post-thumbnail","hentry","category-entretenimiento","category-local","category-nacional","tag-puebla"],"amp_enabled":true,"_links":{"self":[{"href":"https:\/\/lahora.mx\/index.php\/wp-json\/wp\/v2\/posts\/65385","targetHints":{"allow":["GET"]}}],"collection":[{"href":"https:\/\/lahora.mx\/index.php\/wp-json\/wp\/v2\/posts"}],"about":[{"href":"https:\/\/lahora.mx\/index.php\/wp-json\/wp\/v2\/types\/post"}],"author":[{"embeddable":true,"href":"https:\/\/lahora.mx\/index.php\/wp-json\/wp\/v2\/users\/4"}],"replies":[{"embeddable":true,"href":"https:\/\/lahora.mx\/index.php\/wp-json\/wp\/v2\/comments?post=65385"}],"version-history":[{"count":1,"href":"https:\/\/lahora.mx\/index.php\/wp-json\/wp\/v2\/posts\/65385\/revisions"}],"predecessor-version":[{"id":65387,"href":"https:\/\/lahora.mx\/index.php\/wp-json\/wp\/v2\/posts\/65385\/revisions\/65387"}],"wp:featuredmedia":[{"embeddable":true,"href":"https:\/\/lahora.mx\/index.php\/wp-json\/wp\/v2\/media\/65386"}],"wp:attachment":[{"href":"https:\/\/lahora.mx\/index.php\/wp-json\/wp\/v2\/media?parent=65385"}],"wp:term":[{"taxonomy":"category","embeddable":true,"href":"https:\/\/lahora.mx\/index.php\/wp-json\/wp\/v2\/categories?post=65385"},{"taxonomy":"post_tag","embeddable":true,"href":"https:\/\/lahora.mx\/index.php\/wp-json\/wp\/v2\/tags?post=65385"}],"curies":[{"name":"wp","href":"https:\/\/api.w.org\/{rel}","templated":true}]}}