{"id":65382,"date":"2025-07-18T15:54:24","date_gmt":"2025-07-18T15:54:24","guid":{"rendered":"https:\/\/lahora.mx\/?p=65382"},"modified":"2025-07-18T15:54:25","modified_gmt":"2025-07-18T15:54:25","slug":"tres-ordenes-de-gobierno-reordenan-el-comercio-en-la-capital-poblana","status":"publish","type":"post","link":"https:\/\/lahora.mx\/index.php\/2025\/07\/18\/tres-ordenes-de-gobierno-reordenan-el-comercio-en-la-capital-poblana\/","title":{"rendered":"Tres \u00f3rdenes de gobierno reordenan el comercio en la capital poblana"},"content":{"rendered":"\n<p>El Gobierno de la Ciudad, encabezado por Pepe Chedraui Budib, de manera conjunta con los gobiernos federal y estatal, despleg\u00f3 un operativo de reordenamiento del comercio popular en el Centro Hist\u00f3rico, como parte de las acciones para mantener a la capital en orden.<br><br>Esta acci\u00f3n fue coordinada por la Secretar\u00eda General de Gobierno, encabezada por Franco Rodr\u00edguez, en estrecha colaboraci\u00f3n con la Secretar\u00eda de la Defensa Nacional (SEDENA), la Guardia Nacional, la Secretar\u00eda de Marina, as\u00ed como la Secretar\u00eda de Seguridad P\u00fablica estatal y la Secretar\u00eda de Seguridad Ciudadana.<\/p>\n\n\n\n<p>Gracias a esta coordinaci\u00f3n estrat\u00e9gica, los tres \u00f3rdenes de gobierno lograron la presencia institucional en puntos clave del primer cuadro de la ciudad, particularmente en zonas de alta afluencia tur\u00edstica como el Corredor 5 de Mayo.<\/p>\n\n\n\n<p>El Gobierno de la Ciudad reafirma su compromiso con el ordenamiento comercial y con la atenci\u00f3n de las demandas ciudadanas, as\u00ed como de los comerciantes legalmente establecidos que contribuyen de manera formal a la econom\u00eda local.<\/p>\n\n\n\n<p>Con estos operativos, la administraci\u00f3n de Pepe Chedraui Budib refrenda su determinaci\u00f3n de mantener una capital en orden, asegurando que el espacio p\u00fablico sea utilizado de manera adecuada y en beneficio de todas y todos los poblanos.<\/p>\n","protected":false},"excerpt":{"rendered":"<p>El Gobierno de la Ciudad, encabezado por Pepe Chedraui Budib, de manera conjunta con los gobiernos federal y estatal, despleg\u00f3 un operativo de reordenamiento del comercio popular en el Centro Hist\u00f3rico, como parte de las acciones para mantener a la capital en orden. Esta acci\u00f3n fue coordinada por la Secretar\u00eda General de Gobierno, encabezada por [&hellip;]<\/p>\n","protected":false},"author":4,"featured_media":65383,"comment_status":"open","ping_status":"open","sticky":false,"template":"","format":"standard","meta":{"om_disable_all_campaigns":false,"_monsterinsights_skip_tracking":false,"_monsterinsights_sitenote_active":false,"_monsterinsights_sitenote_note":"","_monsterinsights_sitenote_category":0,"footnotes":""},"categories":[175],"tags":[223],"class_list":["post-65382","post","type-post","status-publish","format-standard","has-post-thumbnail","hentry","category-local","tag-puebla"],"amp_enabled":true,"_links":{"self":[{"href":"https:\/\/lahora.mx\/index.php\/wp-json\/wp\/v2\/posts\/65382","targetHints":{"allow":["GET"]}}],"collection":[{"href":"https:\/\/lahora.mx\/index.php\/wp-json\/wp\/v2\/posts"}],"about":[{"href":"https:\/\/lahora.mx\/index.php\/wp-json\/wp\/v2\/types\/post"}],"author":[{"embeddable":true,"href":"https:\/\/lahora.mx\/index.php\/wp-json\/wp\/v2\/users\/4"}],"replies":[{"embeddable":true,"href":"https:\/\/lahora.mx\/index.php\/wp-json\/wp\/v2\/comments?post=65382"}],"version-history":[{"count":1,"href":"https:\/\/lahora.mx\/index.php\/wp-json\/wp\/v2\/posts\/65382\/revisions"}],"predecessor-version":[{"id":65384,"href":"https:\/\/lahora.mx\/index.php\/wp-json\/wp\/v2\/posts\/65382\/revisions\/65384"}],"wp:featuredmedia":[{"embeddable":true,"href":"https:\/\/lahora.mx\/index.php\/wp-json\/wp\/v2\/media\/65383"}],"wp:attachment":[{"href":"https:\/\/lahora.mx\/index.php\/wp-json\/wp\/v2\/media?parent=65382"}],"wp:term":[{"taxonomy":"category","embeddable":true,"href":"https:\/\/lahora.mx\/index.php\/wp-json\/wp\/v2\/categories?post=65382"},{"taxonomy":"post_tag","embeddable":true,"href":"https:\/\/lahora.mx\/index.php\/wp-json\/wp\/v2\/tags?post=65382"}],"curies":[{"name":"wp","href":"https:\/\/api.w.org\/{rel}","templated":true}]}}