{"id":65379,"date":"2025-07-18T15:53:11","date_gmt":"2025-07-18T15:53:11","guid":{"rendered":"https:\/\/lahora.mx\/?p=65379"},"modified":"2025-07-18T15:53:12","modified_gmt":"2025-07-18T15:53:12","slug":"se-incrementan-los-casos-de-jovenes-con-vih-en-tehuacan","status":"publish","type":"post","link":"https:\/\/lahora.mx\/index.php\/2025\/07\/18\/se-incrementan-los-casos-de-jovenes-con-vih-en-tehuacan\/","title":{"rendered":"Se incrementan los casos de j\u00f3venes con VIH en Tehuac\u00e1n"},"content":{"rendered":"\n<p>Debido a que se han incrementado los reportes de j\u00f3venes detectados con el Virus de la Inmunodeficiencia Humana (VIH) en Tehuac\u00e1n, autoridades de salud municipal se encuentran reforzando las estrategias y medidas preventivas, as\u00ed como de informaci\u00f3n para atender con responsabilidad social este padecimiento.<\/p>\n\n\n\n<p>El director de Salud, Samuel Rodr\u00edguez Serrano indic\u00f3 que aun cuando las cifras oficiales sobre esta enfermedad las tiene la Secretar\u00eda de Salud del Estado, se le ha informado sobre el aumento de casos detectados de VIH en el municipio, es por eso que, se est\u00e1n intensificando las acciones preventivas sobre este tema y se estar\u00e1n llevando a cabo jornadas masivas de orientaci\u00f3n sobre el VIH\/SIDA.<\/p>\n\n\n\n<p>Lo que se busca no es solo prevenir nuevos contagios, sino tambi\u00e9n informar, sensibilizar y proteger a quienes viven con ese virus, combatiendo la desinformaci\u00f3n y el estigma social.<\/p>\n\n\n\n<p>Coment\u00f3 que hace unos d\u00edas se llev\u00f3 a cabo la conferencia masiva \u201cActualidades en el diagn\u00f3stico y tratamiento del VIH\/SIDA, dirigida al personal de salud, como enfermeras, m\u00e9dicos, odont\u00f3logos, entre otros a cargo del doctor Samuel Lozada V\u00e9lez, especialista reconocido por su trayectoria en la atenci\u00f3n integral a personas con este padecimiento.<\/p>\n\n\n\n<p>En esta pl\u00e1tica se abord\u00f3 los avances m\u00e9dicos m\u00e1s recientes, el diagn\u00f3stico temprano y los tratamientos de \u00faltima generaci\u00f3n, con un enfoque centrado en la dignidad humana y la inclusi\u00f3n comunitaria, as\u00ed como promover el uso y correcta colocaci\u00f3n de los preservativos tanto para hombres y mujeres, adem\u00e1s de las pruebas gratuitas.<\/p>\n\n\n\n<p>En tanto en coordinaci\u00f3n con la Secretar\u00eda de Salud a trav\u00e9s de la Jurisdicci\u00f3n Sanitaria 10 e instituciones educativas se estar\u00e1n efectuando jornadas masivas dirigidas a estudiantes de preparatorias y universidades.<\/p>\n\n\n\n<p>La pr\u00f3xima platica masiva sobre VIH\/ SIDA que se esta trabajando en coordinaci\u00f3n con la regidur\u00eda de Juventud y Deportes a cargo de Armando Zavaleta Romero est\u00e1 dirigida a 3 mil j\u00f3venes del municipio, entre edades de 18 a 28 a\u00f1os, ya que este sector etario es donde se ha detectado los contagios.<\/p>\n\n\n\n<p>Coment\u00f3 que una vez que inicie el ciclo escolar se estar\u00e1 acudiendo a las instituciones educativas del nivel medio superior y superior para hablar sobre este tema, no solo del municipio, sino de sus 12 juntas auxiliares, en donde tambi\u00e9n habr\u00e1 terapia psicol\u00f3gica para quitar los estigmas y taller de uso de preservativos, adem\u00e1s de pruebas r\u00e1pidas.<\/p>\n\n\n\n<p>Agreg\u00f3 que el Ayuntamiento que preside el alcalde Alejandro Barroso Ch\u00e1vez ha dejado en claro que en Tehuac\u00e1n la salud es prioridad, por lo que las puertas de sus instituciones est\u00e1n abiertas a toda la ciudadan\u00eda y garantizando atenci\u00f3n y apoyo para quienes lo necesiten especialmente en temas sensibles como el VIH\/SIDA.<\/p>\n","protected":false},"excerpt":{"rendered":"<p>Debido a que se han incrementado los reportes de j\u00f3venes detectados con el Virus de la Inmunodeficiencia Humana (VIH) en Tehuac\u00e1n, autoridades de salud municipal se encuentran reforzando las estrategias y medidas preventivas, as\u00ed como de informaci\u00f3n para atender con responsabilidad social este padecimiento. El director de Salud, Samuel Rodr\u00edguez Serrano indic\u00f3 que aun cuando [&hellip;]<\/p>\n","protected":false},"author":4,"featured_media":65380,"comment_status":"open","ping_status":"open","sticky":false,"template":"","format":"standard","meta":{"om_disable_all_campaigns":false,"_monsterinsights_skip_tracking":false,"_monsterinsights_sitenote_active":false,"_monsterinsights_sitenote_note":"","_monsterinsights_sitenote_category":0,"footnotes":""},"categories":[175,252],"tags":[223],"class_list":["post-65379","post","type-post","status-publish","format-standard","has-post-thumbnail","hentry","category-local","category-salud","tag-puebla"],"amp_enabled":true,"_links":{"self":[{"href":"https:\/\/lahora.mx\/index.php\/wp-json\/wp\/v2\/posts\/65379","targetHints":{"allow":["GET"]}}],"collection":[{"href":"https:\/\/lahora.mx\/index.php\/wp-json\/wp\/v2\/posts"}],"about":[{"href":"https:\/\/lahora.mx\/index.php\/wp-json\/wp\/v2\/types\/post"}],"author":[{"embeddable":true,"href":"https:\/\/lahora.mx\/index.php\/wp-json\/wp\/v2\/users\/4"}],"replies":[{"embeddable":true,"href":"https:\/\/lahora.mx\/index.php\/wp-json\/wp\/v2\/comments?post=65379"}],"version-history":[{"count":1,"href":"https:\/\/lahora.mx\/index.php\/wp-json\/wp\/v2\/posts\/65379\/revisions"}],"predecessor-version":[{"id":65381,"href":"https:\/\/lahora.mx\/index.php\/wp-json\/wp\/v2\/posts\/65379\/revisions\/65381"}],"wp:featuredmedia":[{"embeddable":true,"href":"https:\/\/lahora.mx\/index.php\/wp-json\/wp\/v2\/media\/65380"}],"wp:attachment":[{"href":"https:\/\/lahora.mx\/index.php\/wp-json\/wp\/v2\/media?parent=65379"}],"wp:term":[{"taxonomy":"category","embeddable":true,"href":"https:\/\/lahora.mx\/index.php\/wp-json\/wp\/v2\/categories?post=65379"},{"taxonomy":"post_tag","embeddable":true,"href":"https:\/\/lahora.mx\/index.php\/wp-json\/wp\/v2\/tags?post=65379"}],"curies":[{"name":"wp","href":"https:\/\/api.w.org\/{rel}","templated":true}]}}