{"id":65373,"date":"2025-07-18T15:49:29","date_gmt":"2025-07-18T15:49:29","guid":{"rendered":"https:\/\/lahora.mx\/?p=65373"},"modified":"2025-07-18T15:49:30","modified_gmt":"2025-07-18T15:49:30","slug":"ayuntamiento-de-puebla-implementa-operativo-contra-ambulantes-en-el-ch","status":"publish","type":"post","link":"https:\/\/lahora.mx\/index.php\/2025\/07\/18\/ayuntamiento-de-puebla-implementa-operativo-contra-ambulantes-en-el-ch\/","title":{"rendered":"Ayuntamiento de Puebla implementa operativo contra ambulantes en el CH"},"content":{"rendered":"\n<p>El gobierno municipal junto con el gobierno estatal y la Guardia Nacional (GN) implementaron un operativo para evitar la colocaci\u00f3n del comercio ambulante en el Centro Hist\u00f3rico de Puebla.<\/p>\n\n\n\n<p>De acuerdo con la Secretar\u00eda General de Gobierno (SGG), desde la madrugada de hoy se despleg\u00f3 el operativo provocando el cierre de vialidades desde la 4 a la 7 Norte, entre la 2 y 14 Poniente.<\/p>\n\n\n\n<p>Sin embargo, dicha dependencia municipal asegur\u00f3 que las calles se abrir\u00e1n de forma paulatina porque no habr\u00e1 cierre total de las vialidades.<\/p>\n\n\n\n<p>El objetivo del operativo es evitar la instalaci\u00f3n de las diversas agrupaciones de ambulantes en calles del primer cuadro de la ciudad, mismas que en d\u00edas pasados se han adue\u00f1ado de las vialidades.<\/p>\n\n\n\n<p>Hasta la edici\u00f3n de esta nota, se descarta alg\u00fan tipo de enfrentamiento y decomiso, pero los elementos de la Polic\u00eda Municipal, Estatal y Guardia Nacional resguardar\u00e1n el primer cuadro de la ciudad por hoy.<\/p>\n\n\n\n<p>Asimismo, la dependencia aclar\u00f3 que el operativo continuar\u00e1 los d\u00edas siguientes a fin de mantener el orden en el Centro Hist\u00f3rico de la ciudad.<\/p>\n\n\n\n<p>De acuerdo con la dependencia, esta acci\u00f3n fue coordinada por la SGG, encabezada por Franco Rodr\u00edguez, en colaboraci\u00f3n con la Secretar\u00eda de la Defensa Nacional (Defensa), la Guardia Nacional, la Secretar\u00eda de Marina, as\u00ed como la Secretar\u00eda de Seguridad P\u00fablica (SSP) estatal y la Secretar\u00eda de Seguridad Ciudadana (SSC).<\/p>\n\n\n\n<p>En d\u00edas pasados se registr\u00f3 un enfrentamiento de ambulantes en la calle 8 Poniente debido al decomiso de globos de graduaci\u00f3n.<\/p>\n\n\n\n<p>En esa ocasi\u00f3n se enfrentaron ambulantes independientes contra elementos de la SGG, quienes resultaron heridos.<\/p>\n","protected":false},"excerpt":{"rendered":"<p>El gobierno municipal junto con el gobierno estatal y la Guardia Nacional (GN) implementaron un operativo para evitar la colocaci\u00f3n del comercio ambulante en el Centro Hist\u00f3rico de Puebla. De acuerdo con la Secretar\u00eda General de Gobierno (SGG), desde la madrugada de hoy se despleg\u00f3 el operativo provocando el cierre de vialidades desde la 4 [&hellip;]<\/p>\n","protected":false},"author":4,"featured_media":65374,"comment_status":"open","ping_status":"open","sticky":false,"template":"","format":"standard","meta":{"om_disable_all_campaigns":false,"_monsterinsights_skip_tracking":false,"_monsterinsights_sitenote_active":false,"_monsterinsights_sitenote_note":"","_monsterinsights_sitenote_category":0,"footnotes":""},"categories":[175],"tags":[195,223],"class_list":["post-65373","post","type-post","status-publish","format-standard","has-post-thumbnail","hentry","category-local","tag-principal","tag-puebla"],"amp_enabled":true,"_links":{"self":[{"href":"https:\/\/lahora.mx\/index.php\/wp-json\/wp\/v2\/posts\/65373","targetHints":{"allow":["GET"]}}],"collection":[{"href":"https:\/\/lahora.mx\/index.php\/wp-json\/wp\/v2\/posts"}],"about":[{"href":"https:\/\/lahora.mx\/index.php\/wp-json\/wp\/v2\/types\/post"}],"author":[{"embeddable":true,"href":"https:\/\/lahora.mx\/index.php\/wp-json\/wp\/v2\/users\/4"}],"replies":[{"embeddable":true,"href":"https:\/\/lahora.mx\/index.php\/wp-json\/wp\/v2\/comments?post=65373"}],"version-history":[{"count":1,"href":"https:\/\/lahora.mx\/index.php\/wp-json\/wp\/v2\/posts\/65373\/revisions"}],"predecessor-version":[{"id":65375,"href":"https:\/\/lahora.mx\/index.php\/wp-json\/wp\/v2\/posts\/65373\/revisions\/65375"}],"wp:featuredmedia":[{"embeddable":true,"href":"https:\/\/lahora.mx\/index.php\/wp-json\/wp\/v2\/media\/65374"}],"wp:attachment":[{"href":"https:\/\/lahora.mx\/index.php\/wp-json\/wp\/v2\/media?parent=65373"}],"wp:term":[{"taxonomy":"category","embeddable":true,"href":"https:\/\/lahora.mx\/index.php\/wp-json\/wp\/v2\/categories?post=65373"},{"taxonomy":"post_tag","embeddable":true,"href":"https:\/\/lahora.mx\/index.php\/wp-json\/wp\/v2\/tags?post=65373"}],"curies":[{"name":"wp","href":"https:\/\/api.w.org\/{rel}","templated":true}]}}