{"id":65370,"date":"2025-07-18T01:47:32","date_gmt":"2025-07-18T01:47:32","guid":{"rendered":"https:\/\/lahora.mx\/?p=65370"},"modified":"2025-07-18T01:47:33","modified_gmt":"2025-07-18T01:47:33","slug":"tonantzin-denuncia-amenazas-y-advierte-que-no-habra-corrupcion-en-san-pedro-cholula","status":"publish","type":"post","link":"https:\/\/lahora.mx\/index.php\/2025\/07\/18\/tonantzin-denuncia-amenazas-y-advierte-que-no-habra-corrupcion-en-san-pedro-cholula\/","title":{"rendered":"Tonantzin denuncia amenazas y advierte que no habr\u00e1 corrupci\u00f3n en San Pedro Cholula"},"content":{"rendered":"\n<p>Luego de los hechos violentos ocurridos en el mercado Cosme del Razo, donde un grupo de personas irrumpi\u00f3 de forma agresiva y presuntamente intent\u00f3 imponer el cobro de \u201cderecho de piso\u201d, la presidenta municipal Tonantzin Fern\u00e1ndez advirti\u00f3 que no permitir\u00e1 actos de corrupci\u00f3n en su administraci\u00f3n y rechaz\u00f3 cualquier intento de intimidaci\u00f3n en su contra.<\/p>\n\n\n\n<p>A trav\u00e9s de un mensaje videograbado y difundido en redes sociales, la edil detall\u00f3 que el grupo agresor era ajeno al municipio y que, tras los llamados de auxilio por parte de locatarios, instruy\u00f3 de inmediato a la Secretar\u00eda de Seguridad Ciudadana para intervenir.<\/p>\n\n\n\n<p>Revel\u00f3 que gracias a esta acci\u00f3n, se logr\u00f3 la detenci\u00f3n de nueve personas presuntamente implicadas en los hechos.<\/p>\n\n\n\n<p>\u201cSe logr\u00f3 la detenci\u00f3n de nueve personas que realizaron estos hechos lamentables\u201d, dijo Fern\u00e1ndez, al tiempo de destacar que tambi\u00e9n sostuvo una reuni\u00f3n con comerciantes ese mismo d\u00eda.<\/p>\n\n\n\n<p>\u201cInstru\u00ed de manera inmediata que se reforzara la seguridad en nuestro mercado y en todos los tianguis del municipio\u201d, afirm\u00f3.<\/p>\n\n\n\n<p>Los hechos generaron gran preocupaci\u00f3n entre los locatarios, quienes denunciaron agresiones f\u00edsicas, da\u00f1os a mobiliario y amenazas.<\/p>\n\n\n\n<p>Incluso se\u00f1alaron que los responsables exigieron espacios que presuntamente les fueron prometidos por el s\u00edndico municipal, Iv\u00e1n Cuautle Minutti.<\/p>\n\n\n\n<p>Al respecto, la alcaldesa fue enf\u00e1tica: \u201cNo vamos a permitir la corrupci\u00f3n de ning\u00fan integrante del gobierno municipal, ni de ning\u00fan miembro del cabildo que pretenda pactar con personas ajenas a San Pedro Cholula\u201d.<\/p>\n\n\n\n<p>Los detenidos fueron asegurados gracias a la intervenci\u00f3n conjunta de la Polic\u00eda Municipal, Guardia Nacional, Polic\u00eda Estatal y elementos de la Secretar\u00eda de Marina. Los delitos por los que podr\u00edan ser procesados incluyen robo, amenazas, lesiones y resistencia de particulares.<\/p>\n\n\n\n<p>En su mensaje, Tonantzin Fern\u00e1ndez tambi\u00e9n revel\u00f3 haber recibido amenazas recientemente.<\/p>\n\n\n\n<p>\u201cDesde hace unos d\u00edas he sufrido amenazas, diciendo que van a filtrar audios modificados. Quiero decirles a esas personas que no me van a intimidar\u201d, sentenci\u00f3.<\/p>\n\n\n\n<p>Asegur\u00f3 que su gobierno continuar\u00e1 con las investigaciones necesarias para esclarecer lo ocurrido y reiter\u00f3 su compromiso con la seguridad del municipio, se\u00f1alando que se trabaja de manera coordinada con los gobiernos estatal y federal.<\/p>\n\n\n\n<p>Finalmente, hizo un llamado a la ciudadan\u00eda para denunciar cualquier acto de corrupci\u00f3n cometido por funcionarios municipales.<\/p>\n\n\n\n<p>\u201cEs importante practicar la cultura de la denuncia, porque delito que no se denuncia, no se castiga y se vuelve a repetir\u201d, expres\u00f3.<\/p>\n\n\n\n<p>Los hechos del mercado Cosme del Razo han encendido las alarmas sobre la posible incursi\u00f3n de grupos dedicados a la extorsi\u00f3n en este municipio.<\/p>\n\n\n\n<p>La organizaci\u00f3n UPVA 28 de Octubre fue mencionada por algunos locatarios como presunta responsable de los ataques, aunque esta neg\u00f3 su participaci\u00f3n y acus\u00f3 una campa\u00f1a de desprestigio en su contra.<\/p>\n\n\n\n<p>El caso contin\u00faa bajo investigaci\u00f3n, mientras que la administraci\u00f3n municipal enfrenta el desaf\u00edo de garantizar condiciones de seguridad y gobernabilidad en una de las zonas comerciales m\u00e1s importantes del municipio.<\/p>\n","protected":false},"excerpt":{"rendered":"<p>Luego de los hechos violentos ocurridos en el mercado Cosme del Razo, donde un grupo de personas irrumpi\u00f3 de forma agresiva y presuntamente intent\u00f3 imponer el cobro de \u201cderecho de piso\u201d, la presidenta municipal Tonantzin Fern\u00e1ndez advirti\u00f3 que no permitir\u00e1 actos de corrupci\u00f3n en su administraci\u00f3n y rechaz\u00f3 cualquier intento de intimidaci\u00f3n en su contra. [&hellip;]<\/p>\n","protected":false},"author":4,"featured_media":65371,"comment_status":"open","ping_status":"open","sticky":false,"template":"","format":"standard","meta":{"om_disable_all_campaigns":false,"_monsterinsights_skip_tracking":false,"_monsterinsights_sitenote_active":false,"_monsterinsights_sitenote_note":"","_monsterinsights_sitenote_category":0,"footnotes":""},"categories":[175],"tags":[234,223],"class_list":["post-65370","post","type-post","status-publish","format-standard","has-post-thumbnail","hentry","category-local","tag-cholula","tag-puebla"],"amp_enabled":true,"_links":{"self":[{"href":"https:\/\/lahora.mx\/index.php\/wp-json\/wp\/v2\/posts\/65370","targetHints":{"allow":["GET"]}}],"collection":[{"href":"https:\/\/lahora.mx\/index.php\/wp-json\/wp\/v2\/posts"}],"about":[{"href":"https:\/\/lahora.mx\/index.php\/wp-json\/wp\/v2\/types\/post"}],"author":[{"embeddable":true,"href":"https:\/\/lahora.mx\/index.php\/wp-json\/wp\/v2\/users\/4"}],"replies":[{"embeddable":true,"href":"https:\/\/lahora.mx\/index.php\/wp-json\/wp\/v2\/comments?post=65370"}],"version-history":[{"count":1,"href":"https:\/\/lahora.mx\/index.php\/wp-json\/wp\/v2\/posts\/65370\/revisions"}],"predecessor-version":[{"id":65372,"href":"https:\/\/lahora.mx\/index.php\/wp-json\/wp\/v2\/posts\/65370\/revisions\/65372"}],"wp:featuredmedia":[{"embeddable":true,"href":"https:\/\/lahora.mx\/index.php\/wp-json\/wp\/v2\/media\/65371"}],"wp:attachment":[{"href":"https:\/\/lahora.mx\/index.php\/wp-json\/wp\/v2\/media?parent=65370"}],"wp:term":[{"taxonomy":"category","embeddable":true,"href":"https:\/\/lahora.mx\/index.php\/wp-json\/wp\/v2\/categories?post=65370"},{"taxonomy":"post_tag","embeddable":true,"href":"https:\/\/lahora.mx\/index.php\/wp-json\/wp\/v2\/tags?post=65370"}],"curies":[{"name":"wp","href":"https:\/\/api.w.org\/{rel}","templated":true}]}}