{"id":65364,"date":"2025-07-18T01:43:42","date_gmt":"2025-07-18T01:43:42","guid":{"rendered":"https:\/\/lahora.mx\/?p=65364"},"modified":"2025-07-18T01:44:04","modified_gmt":"2025-07-18T01:44:04","slug":"desmantelan-cabina-acondicionada-por-celula-de-extorsionadores-cae-el-lider-del-cartel-y-tres-hombres-mas","status":"publish","type":"post","link":"https:\/\/lahora.mx\/index.php\/2025\/07\/18\/desmantelan-cabina-acondicionada-por-celula-de-extorsionadores-cae-el-lider-del-cartel-y-tres-hombres-mas\/","title":{"rendered":"Desmantelan cabina acondicionada por c\u00e9lula de extorsionadores; cae el l\u00edder del c\u00e1rtel y tres hombres m\u00e1s"},"content":{"rendered":"\n<p>lementos de la Secretar\u00eda de Seguridad y Protecci\u00f3n Ciudadana (SSPC) y Secretar\u00eda de Marina detuvieron en Puebla a Yosafath Fierro, alias \u201cEl Contador\u201d y Jennifer Yolanda Cervantes, ambos con orden de aprehensi\u00f3n por secuestro agravado, tambi\u00e9n se detuvo a Sharon Prado y Antonio M\u00e9ndez.<\/p>\n\n\n\n<p>Los detenidos son integrantes de una c\u00e9lula delictiva dedicada a la extorsi\u00f3n en su modalidad de secuestro virtual que opera en el estado de Aguascalientes y otras entidades del pa\u00eds.<\/p>\n\n\n\n<p>De acuerdo a las investigaciones en el interior del domicilio donde fue detenido \u201cEl Contador\u201d se hall\u00f3 una cabina acondicionada para simular situaciones y generar miedo en sus v\u00edctimas, adem\u00e1s se hac\u00edan pasar por integrantes de un c\u00e1rtel para exigir dinero a trav\u00e9s de transferencias bancarias.<br>Play Video<\/p>\n\n\n\n<p>El Gabinete de Seguridad inform\u00f3 que, en el marco de la Estrategia Nacional contra la Extorsi\u00f3n, los elementos capturaron a estas personas.<\/p>\n\n\n\n<p>Los efectivos tomaron conocimiento de una c\u00e9lula delictiva dedicada a la extorsi\u00f3n con presencia en Aguascalientes y Puebla e implementaron diferentes t\u00e9cnicas, con las cuales se identific\u00f3 un domicilio en el estado de Puebla, donde operaba uno de sus integrantes.<\/p>\n\n\n\n<p>Fue as\u00ed que se implementaron vigilancias fijas, m\u00f3viles y discretas con lo que se recabaron datos de prueba que fueron entregados a un Juez de Control, quien otorg\u00f3 el mandamiento para intervenir el inmueble.<\/p>\n\n\n\n<p>Lee tambi\u00e9n Profepa recupera 2 contenedores con mil litros de hidrocarburo en Bah\u00eda Magdalena de BCS; descarta da\u00f1o ambiental<\/p>\n\n\n\n<p>Al realizar un despliegue coordinado se intervino el predio ubicado en el municipio de Cholula, donde se detuvo a dos hombres y una mujer, entre ellos a \u201cEl Contador\u201d adem\u00e1s, en el domicilio se localiz\u00f3 la cabina telef\u00f3nica donde se simulaban situaciones para generar miedo entre sus v\u00edctimas.<\/p>\n\n\n\n<p>Durante recorridos de seguridad en la misma colonia, se detuvo a una mujer relacionada con el mismo grupo criminal, la cual contaba con orden de aprehensi\u00f3n por el delito de secuestro agravado.<\/p>\n\n\n\n<p>De manera simult\u00e1nea se realiz\u00f3 un cateo en la alcald\u00eda Azcapotzalco de la Ciudad de M\u00e9xico, donde se asegur\u00f3 un inmueble vinculado con esta c\u00e9lula delictiva.<\/p>\n\n\n\n<p>Lee tambi\u00e9n Morena suspende derechos partidistas a Hern\u00e1n Berm\u00fadez, exmando de Ad\u00e1n Augusto ligado a La Barredora; perfila su expulsi\u00f3n<\/p>\n\n\n\n<p>A los detenidos se les informaron sus derechos de ley y fueron presentados ante el agente del Ministerio P\u00fablico correspondiente, quien determinar\u00e1 su situaci\u00f3n legal e integrar\u00e1 la carpeta de investigaci\u00f3n del caso.<\/p>\n\n\n\n<p>En esta acci\u00f3n tambi\u00e9n participaron elementos de la Secretar\u00eda de la Defensa Nacional (Defensa), Fiscal\u00eda General de la Rep\u00fablica (FGR) y Guardia Nacional (GN).<\/p>\n","protected":false},"excerpt":{"rendered":"<p>lementos de la Secretar\u00eda de Seguridad y Protecci\u00f3n Ciudadana (SSPC) y Secretar\u00eda de Marina detuvieron en Puebla a Yosafath Fierro, alias \u201cEl Contador\u201d y Jennifer Yolanda Cervantes, ambos con orden de aprehensi\u00f3n por secuestro agravado, tambi\u00e9n se detuvo a Sharon Prado y Antonio M\u00e9ndez. Los detenidos son integrantes de una c\u00e9lula delictiva dedicada a la [&hellip;]<\/p>\n","protected":false},"author":4,"featured_media":65365,"comment_status":"open","ping_status":"open","sticky":false,"template":"","format":"standard","meta":{"om_disable_all_campaigns":false,"_monsterinsights_skip_tracking":false,"_monsterinsights_sitenote_active":false,"_monsterinsights_sitenote_note":"","_monsterinsights_sitenote_category":0,"footnotes":""},"categories":[175,226],"tags":[195,223],"class_list":["post-65364","post","type-post","status-publish","format-standard","has-post-thumbnail","hentry","category-local","category-policia","tag-principal","tag-puebla"],"amp_enabled":true,"_links":{"self":[{"href":"https:\/\/lahora.mx\/index.php\/wp-json\/wp\/v2\/posts\/65364","targetHints":{"allow":["GET"]}}],"collection":[{"href":"https:\/\/lahora.mx\/index.php\/wp-json\/wp\/v2\/posts"}],"about":[{"href":"https:\/\/lahora.mx\/index.php\/wp-json\/wp\/v2\/types\/post"}],"author":[{"embeddable":true,"href":"https:\/\/lahora.mx\/index.php\/wp-json\/wp\/v2\/users\/4"}],"replies":[{"embeddable":true,"href":"https:\/\/lahora.mx\/index.php\/wp-json\/wp\/v2\/comments?post=65364"}],"version-history":[{"count":1,"href":"https:\/\/lahora.mx\/index.php\/wp-json\/wp\/v2\/posts\/65364\/revisions"}],"predecessor-version":[{"id":65366,"href":"https:\/\/lahora.mx\/index.php\/wp-json\/wp\/v2\/posts\/65364\/revisions\/65366"}],"wp:featuredmedia":[{"embeddable":true,"href":"https:\/\/lahora.mx\/index.php\/wp-json\/wp\/v2\/media\/65365"}],"wp:attachment":[{"href":"https:\/\/lahora.mx\/index.php\/wp-json\/wp\/v2\/media?parent=65364"}],"wp:term":[{"taxonomy":"category","embeddable":true,"href":"https:\/\/lahora.mx\/index.php\/wp-json\/wp\/v2\/categories?post=65364"},{"taxonomy":"post_tag","embeddable":true,"href":"https:\/\/lahora.mx\/index.php\/wp-json\/wp\/v2\/tags?post=65364"}],"curies":[{"name":"wp","href":"https:\/\/api.w.org\/{rel}","templated":true}]}}