{"id":65358,"date":"2025-07-18T01:33:51","date_gmt":"2025-07-18T01:33:51","guid":{"rendered":"https:\/\/lahora.mx\/?p=65358"},"modified":"2025-07-18T01:33:51","modified_gmt":"2025-07-18T01:33:51","slug":"noticias-de-la-capital-imparable","status":"publish","type":"post","link":"https:\/\/lahora.mx\/index.php\/2025\/07\/18\/noticias-de-la-capital-imparable\/","title":{"rendered":"Noticias de la Capital Imparable"},"content":{"rendered":"\n<p>Con la participaci\u00f3n de 28 recintos, galer\u00edas y salas de exposiciones, este s\u00e1bado 19 de julio se llevar\u00e1 a cabo la sexta edici\u00f3n de Noche de Museos del a\u00f1o y la primera de la temporada vacacional de verano en la ciudad de Puebla, anunci\u00f3 el secretario de Econom\u00eda y Turismo, Jaime Oropeza Casas.<\/p>\n\n\n\n<p>En compa\u00f1\u00eda de la directora del Instituto Municipal de Arte y Cultura de Puebla (IMACP), Anel Nochebuena Escobar, y del presidente municipal de Tecali de Herrera, Alan Gilberth Amador G\u00f3mez, Oropeza Casas, extendi\u00f3 la invitaci\u00f3n del Gobierno de la Ciudad que preside el alcalde Pepe Chedraui Budib, a poblanas, poblanos y principalmente a visitantes y turistas, a aprovechar este fin de semana su estancia en la ciudad para conocer la oferta cultural y m\u00e1s atractivos que pueden disfrutar.<\/p>\n\n\n\n<p>Destac\u00f3 que esta sexta edici\u00f3n ser\u00e1 la primera de la temporada vacacional de verano preparada por el Gobierno de la Ciudad, con el objetivo de acercar a todas y todos a la cultura y que \u00e9sta sea motivo de cohesi\u00f3n social, derrama econ\u00f3mica y que visitantes y turistas prolonguen su estancia en la ciudad.<\/p>\n\n\n\n<p>Para complementar la experiencia, 53 establecimientos como restaurantes, cafeter\u00edas y helader\u00edas, por mencionar algunos ejemplos, conceder\u00e1n descuentos, precios especiales o cortes\u00edas en consumos a aquellos que participen en esta Noche de Museos.<\/p>\n\n\n\n<p>A esta edici\u00f3n se suma el municipio de Tecali de Herrera, cuyo presidente municipal, Alan Gilberth Amador G\u00f3mez, anunci\u00f3 que el Teatro Gregorio de Gante, un edificio del siglo XVII que este s\u00e1bado estar\u00e1 abierto para ofrecer un concierto y recibir a visitantes, adem\u00e1s, Oropeza Casas destac\u00f3, de otros atractivos del municipio como su Exconvento, gastronom\u00eda y reconocidos mezcales.<\/p>\n\n\n\n<p>Mientras tanto, Anel Nochebuena, directora del IMACP, resalt\u00f3 que la Galer\u00eda del Palacio participar\u00e1 abriendo el acceso a la exposici\u00f3n Murmullos del Oc\u00e9ano, del reconocido artista C\u00e9sar Menchaca, que ha llevado sus obras a diferentes galer\u00edas del mundo y que con su exposici\u00f3n en la ciudad de Puebla, confirma la pol\u00edtica de democratizaci\u00f3n cultural del gobierno municipal que encabeza Pepe Chedrarui.<\/p>\n","protected":false},"excerpt":{"rendered":"<p>Con la participaci\u00f3n de 28 recintos, galer\u00edas y salas de exposiciones, este s\u00e1bado 19 de julio se llevar\u00e1 a cabo la sexta edici\u00f3n de Noche de Museos del a\u00f1o y la primera de la temporada vacacional de verano en la ciudad de Puebla, anunci\u00f3 el secretario de Econom\u00eda y Turismo, Jaime Oropeza Casas. En compa\u00f1\u00eda [&hellip;]<\/p>\n","protected":false},"author":4,"featured_media":65359,"comment_status":"open","ping_status":"open","sticky":false,"template":"","format":"standard","meta":{"om_disable_all_campaigns":false,"_monsterinsights_skip_tracking":false,"_monsterinsights_sitenote_active":false,"_monsterinsights_sitenote_note":"","_monsterinsights_sitenote_category":0,"footnotes":""},"categories":[175],"tags":[239,223],"class_list":["post-65358","post","type-post","status-publish","format-standard","has-post-thumbnail","hentry","category-local","tag-gobierno","tag-puebla"],"amp_enabled":true,"_links":{"self":[{"href":"https:\/\/lahora.mx\/index.php\/wp-json\/wp\/v2\/posts\/65358","targetHints":{"allow":["GET"]}}],"collection":[{"href":"https:\/\/lahora.mx\/index.php\/wp-json\/wp\/v2\/posts"}],"about":[{"href":"https:\/\/lahora.mx\/index.php\/wp-json\/wp\/v2\/types\/post"}],"author":[{"embeddable":true,"href":"https:\/\/lahora.mx\/index.php\/wp-json\/wp\/v2\/users\/4"}],"replies":[{"embeddable":true,"href":"https:\/\/lahora.mx\/index.php\/wp-json\/wp\/v2\/comments?post=65358"}],"version-history":[{"count":1,"href":"https:\/\/lahora.mx\/index.php\/wp-json\/wp\/v2\/posts\/65358\/revisions"}],"predecessor-version":[{"id":65360,"href":"https:\/\/lahora.mx\/index.php\/wp-json\/wp\/v2\/posts\/65358\/revisions\/65360"}],"wp:featuredmedia":[{"embeddable":true,"href":"https:\/\/lahora.mx\/index.php\/wp-json\/wp\/v2\/media\/65359"}],"wp:attachment":[{"href":"https:\/\/lahora.mx\/index.php\/wp-json\/wp\/v2\/media?parent=65358"}],"wp:term":[{"taxonomy":"category","embeddable":true,"href":"https:\/\/lahora.mx\/index.php\/wp-json\/wp\/v2\/categories?post=65358"},{"taxonomy":"post_tag","embeddable":true,"href":"https:\/\/lahora.mx\/index.php\/wp-json\/wp\/v2\/tags?post=65358"}],"curies":[{"name":"wp","href":"https:\/\/api.w.org\/{rel}","templated":true}]}}