{"id":65352,"date":"2025-07-18T01:31:23","date_gmt":"2025-07-18T01:31:23","guid":{"rendered":"https:\/\/lahora.mx\/?p=65352"},"modified":"2025-07-18T01:31:23","modified_gmt":"2025-07-18T01:31:23","slug":"impulsa-gobierno-de-la-ciudad-espacios-academicos-con-perspectiva-de-genero","status":"publish","type":"post","link":"https:\/\/lahora.mx\/index.php\/2025\/07\/18\/impulsa-gobierno-de-la-ciudad-espacios-academicos-con-perspectiva-de-genero\/","title":{"rendered":"Impulsa Gobierno de la Ciudad espacios acad\u00e9micos con perspectiva de g\u00e9nero"},"content":{"rendered":"\n<p>Como parte del compromiso con la construcci\u00f3n de entornos educativos libres de violencia y con perspectiva de g\u00e9nero, el Gobierno de la Ciudad, encabezado por el presidente municipal, Pepe Chedraui, a trav\u00e9s de la Secretar\u00eda para la Igualdad Sustantiva de G\u00e9nero firm\u00f3 un convenio de colaboraci\u00f3n con la Universidad del Valle de Puebla (UVP) para fortalecer espacios educativos en la capital poblana e impulsar una educaci\u00f3n basada en la equidad de g\u00e9nero.<\/p>\n\n\n\n<p>La firma de este acuerdo fue encabezada por Zaira Gonz\u00e1lez G\u00f3mez, titular de la dependencia y Irma Higinia Illescas Lozano, vicerrectora de Vinculaci\u00f3n y Extensi\u00f3n de la UVP, el cual establece las bases para una colaboraci\u00f3n interinstitucional que permitir\u00e1 el desarrollo de acciones acad\u00e9micas, educativas y culturales dirigidas a la comunidad universitaria.<\/p>\n\n\n\n<p>En su mensaje, la secretar\u00eda Zaira Gonz\u00e1lez destac\u00f3 la relevancia de estas acciones en favor de una educaci\u00f3n con enfoque de igualdad para generar espacios seguros y respetuosos con perspectiva de g\u00e9nero para todas y todos. Asimismo, resalt\u00f3 que, como parte de esta iniciativa, se impulsar\u00e1n herramientas que permitan el autocuidado, la identificaci\u00f3n y prevenci\u00f3n de violencias, as\u00ed como la participaci\u00f3n activa de las juventudes.<\/p>\n\n\n\n<p>\u201cDesde el Gobierno de la Ciudad estamos convencidas de que la igualdad se construye con alianzas. Con esta firma, fortalecemos la formaci\u00f3n integral de las juventudes poblanas y abrimos espacios para promover el bienestar de las y los estudiantes\u201d, subray\u00f3.<\/p>\n\n\n\n<p>Con estas acciones, el Gobierno de la Ciudad reafirma su compromiso de impulsar pol\u00edticas p\u00fablicas que prioricen el bienestar, la inclusi\u00f3n y el desarrollo integral de todas las personas para la construcci\u00f3n de una ciudad m\u00e1s justa, segura y equitativa, donde las juventudes encuentren oportunidades reales para desarrollarse plenamente.<\/p>\n","protected":false},"excerpt":{"rendered":"<p>Como parte del compromiso con la construcci\u00f3n de entornos educativos libres de violencia y con perspectiva de g\u00e9nero, el Gobierno de la Ciudad, encabezado por el presidente municipal, Pepe Chedraui, a trav\u00e9s de la Secretar\u00eda para la Igualdad Sustantiva de G\u00e9nero firm\u00f3 un convenio de colaboraci\u00f3n con la Universidad del Valle de Puebla (UVP) para [&hellip;]<\/p>\n","protected":false},"author":4,"featured_media":65353,"comment_status":"open","ping_status":"open","sticky":false,"template":"","format":"standard","meta":{"om_disable_all_campaigns":false,"_monsterinsights_skip_tracking":false,"_monsterinsights_sitenote_active":false,"_monsterinsights_sitenote_note":"","_monsterinsights_sitenote_category":0,"footnotes":""},"categories":[175],"tags":[239,223],"class_list":["post-65352","post","type-post","status-publish","format-standard","has-post-thumbnail","hentry","category-local","tag-gobierno","tag-puebla"],"amp_enabled":true,"_links":{"self":[{"href":"https:\/\/lahora.mx\/index.php\/wp-json\/wp\/v2\/posts\/65352","targetHints":{"allow":["GET"]}}],"collection":[{"href":"https:\/\/lahora.mx\/index.php\/wp-json\/wp\/v2\/posts"}],"about":[{"href":"https:\/\/lahora.mx\/index.php\/wp-json\/wp\/v2\/types\/post"}],"author":[{"embeddable":true,"href":"https:\/\/lahora.mx\/index.php\/wp-json\/wp\/v2\/users\/4"}],"replies":[{"embeddable":true,"href":"https:\/\/lahora.mx\/index.php\/wp-json\/wp\/v2\/comments?post=65352"}],"version-history":[{"count":1,"href":"https:\/\/lahora.mx\/index.php\/wp-json\/wp\/v2\/posts\/65352\/revisions"}],"predecessor-version":[{"id":65354,"href":"https:\/\/lahora.mx\/index.php\/wp-json\/wp\/v2\/posts\/65352\/revisions\/65354"}],"wp:featuredmedia":[{"embeddable":true,"href":"https:\/\/lahora.mx\/index.php\/wp-json\/wp\/v2\/media\/65353"}],"wp:attachment":[{"href":"https:\/\/lahora.mx\/index.php\/wp-json\/wp\/v2\/media?parent=65352"}],"wp:term":[{"taxonomy":"category","embeddable":true,"href":"https:\/\/lahora.mx\/index.php\/wp-json\/wp\/v2\/categories?post=65352"},{"taxonomy":"post_tag","embeddable":true,"href":"https:\/\/lahora.mx\/index.php\/wp-json\/wp\/v2\/tags?post=65352"}],"curies":[{"name":"wp","href":"https:\/\/api.w.org\/{rel}","templated":true}]}}