{"id":65349,"date":"2025-07-18T01:29:09","date_gmt":"2025-07-18T01:29:09","guid":{"rendered":"https:\/\/lahora.mx\/?p=65349"},"modified":"2025-07-18T01:29:10","modified_gmt":"2025-07-18T01:29:10","slug":"trabajan-puebla-y-tlaxcala-por-saneamiento-del-rio-atoyac","status":"publish","type":"post","link":"https:\/\/lahora.mx\/index.php\/2025\/07\/18\/trabajan-puebla-y-tlaxcala-por-saneamiento-del-rio-atoyac\/","title":{"rendered":"Trabajan Puebla y Tlaxcala por saneamiento del R\u00edo Atoyac"},"content":{"rendered":"\n<p>A fin de avanzar en el compromiso de la presidenta Claudia Sheinbaum respecto al saneamiento del R\u00edo Atoyac que se establece dentro del Plan H\u00eddrico Nacional, integrantes de los gobiernos de Puebla y Tlaxcala realizaron una reuni\u00f3n con la finalidad de afinar las acciones que llevar\u00e1n al rescate y recuperaci\u00f3n de este afluente.<\/p>\n\n\n\n<p>En atenci\u00f3n a la directriz y al enfoque ambiental del gobernador Alejandro Armenta, y como parte de la visi\u00f3n de bio\u00e9tica social del Gobierno del Estado de Puebla, se llev\u00f3 a cabo esta mesa de trabajo con el prop\u00f3sito de definir y consolidar las acciones que se implementar\u00e1n durante este a\u00f1o para el saneamiento de la cuenca y el bienestar de las familias de ambas entidades.<\/p>\n\n\n\n<p>Al respecto, el director general de la Comisi\u00f3n Estatal de Agua y Saneamiento de Puebla (CEASPUE), Alberto Jim\u00e9nez Merino, se\u00f1al\u00f3 que hay total disposici\u00f3n y cooperaci\u00f3n para ejecutar las obras de infraestructura h\u00eddrica necesarias para avanzar en el rescate de la cuenca.<\/p>\n\n\n\n<p>En tanto, el comisionado presidencial para el R\u00edo Atoyac, Alejandro Isauro Mart\u00ednez Orozco, agradeci\u00f3 el apoyo de Puebla; al se\u00f1alar que es necesaria la sinergia entre ambas entidades para cumplir el compromiso del Gobierno de M\u00e9xico.<\/p>\n\n\n\n<p>La reuni\u00f3n cont\u00f3 con la presencia del coordinador del Plan H\u00eddrico en Puebla, Raymundo Atanacio Luna; el comisionado estatal de Tratamiento de Agua (CEAT), Javier Israel Tob\u00f3n Solano; la directora general del Organismo de Cuenca Balsas de CONAGUA, Esther Mart\u00ednez Baena; y la directora local de Puebla de la CONAGUA, Beatriz Torres Trucios.<\/p>\n","protected":false},"excerpt":{"rendered":"<p>A fin de avanzar en el compromiso de la presidenta Claudia Sheinbaum respecto al saneamiento del R\u00edo Atoyac que se establece dentro del Plan H\u00eddrico Nacional, integrantes de los gobiernos de Puebla y Tlaxcala realizaron una reuni\u00f3n con la finalidad de afinar las acciones que llevar\u00e1n al rescate y recuperaci\u00f3n de este afluente. En atenci\u00f3n [&hellip;]<\/p>\n","protected":false},"author":4,"featured_media":65350,"comment_status":"open","ping_status":"open","sticky":false,"template":"","format":"standard","meta":{"om_disable_all_campaigns":false,"_monsterinsights_skip_tracking":false,"_monsterinsights_sitenote_active":false,"_monsterinsights_sitenote_note":"","_monsterinsights_sitenote_category":0,"footnotes":""},"categories":[175],"tags":[223,210],"class_list":["post-65349","post","type-post","status-publish","format-standard","has-post-thumbnail","hentry","category-local","tag-puebla","tag-tlaxcala"],"amp_enabled":true,"_links":{"self":[{"href":"https:\/\/lahora.mx\/index.php\/wp-json\/wp\/v2\/posts\/65349","targetHints":{"allow":["GET"]}}],"collection":[{"href":"https:\/\/lahora.mx\/index.php\/wp-json\/wp\/v2\/posts"}],"about":[{"href":"https:\/\/lahora.mx\/index.php\/wp-json\/wp\/v2\/types\/post"}],"author":[{"embeddable":true,"href":"https:\/\/lahora.mx\/index.php\/wp-json\/wp\/v2\/users\/4"}],"replies":[{"embeddable":true,"href":"https:\/\/lahora.mx\/index.php\/wp-json\/wp\/v2\/comments?post=65349"}],"version-history":[{"count":1,"href":"https:\/\/lahora.mx\/index.php\/wp-json\/wp\/v2\/posts\/65349\/revisions"}],"predecessor-version":[{"id":65351,"href":"https:\/\/lahora.mx\/index.php\/wp-json\/wp\/v2\/posts\/65349\/revisions\/65351"}],"wp:featuredmedia":[{"embeddable":true,"href":"https:\/\/lahora.mx\/index.php\/wp-json\/wp\/v2\/media\/65350"}],"wp:attachment":[{"href":"https:\/\/lahora.mx\/index.php\/wp-json\/wp\/v2\/media?parent=65349"}],"wp:term":[{"taxonomy":"category","embeddable":true,"href":"https:\/\/lahora.mx\/index.php\/wp-json\/wp\/v2\/categories?post=65349"},{"taxonomy":"post_tag","embeddable":true,"href":"https:\/\/lahora.mx\/index.php\/wp-json\/wp\/v2\/tags?post=65349"}],"curies":[{"name":"wp","href":"https:\/\/api.w.org\/{rel}","templated":true}]}}