{"id":65346,"date":"2025-07-18T01:24:49","date_gmt":"2025-07-18T01:24:49","guid":{"rendered":"https:\/\/lahora.mx\/?p=65346"},"modified":"2025-07-18T01:24:49","modified_gmt":"2025-07-18T01:24:49","slug":"con-la-inauguracion-del-boulevard-rio-xochiac-roberto-solis-culmina-exitosamente-la-primera-etapa-del-rescate-carretero-en-huejotzingo","status":"publish","type":"post","link":"https:\/\/lahora.mx\/index.php\/2025\/07\/18\/con-la-inauguracion-del-boulevard-rio-xochiac-roberto-solis-culmina-exitosamente-la-primera-etapa-del-rescate-carretero-en-huejotzingo\/","title":{"rendered":"Con la inauguraci\u00f3n del boulevard \u201cR\u00edo Xochiac\u201d, Roberto Sol\u00eds culmina exitosamente la primera etapa del \u201crescate carretero\u201d en Huejotzingo"},"content":{"rendered":"\n<p>Con la inauguraci\u00f3n del boulevard \u201cR\u00edo Xochiac\u201d, Roberto Sol\u00eds culmina exitosamente la primera etapa del \u201crescate carretero\u201d en Huejotzingo<\/p>\n\n\n\n<p>Con gran \u00e9xito, se realiz\u00f3 la inauguraci\u00f3n del Boulevard \u00abR\u00edo Xochiac\u00bb en la Junta Auxiliar de Santa Ana Xalmimilulco, marcando la culminaci\u00f3n de la primera etapa del programa \u00abRescate Carretero\u00bb. Esta obra, encabezada por el Presidente Municipal, Roberto Sol\u00eds Valles, cumple un compromiso clave para mejorar la infraestructura vial del Pueblo M\u00e1gico.<\/p>\n\n\n\n<p>Esta arteria, que forma parte de la primera etapa del programa, representa la quinta carretera rehabilitada en el Municipio. El Boulevard \u201cR\u00edo Xochiac\u201d, un acceso prioritario a la Junta Auxiliar, fue intervenido con concreto asf\u00e1ltico a lo largo de dos mil 220 metros, gracias a la inversi\u00f3n entre el Gobierno del Estado y el Gobierno Municipal.<\/p>\n\n\n\n<p>Durante el evento, Sol\u00eds Valles resalt\u00f3 la relevancia de esta obra para la conectividad y el desarrollo de la Junta Auxiliar m\u00e1s grande de Huejotzingo, y anunci\u00f3 que el programa \u201cRescate Carretero\u201d continuar\u00e1 con una segunda etapa en los pr\u00f3ximos meses. Esta nueva fase buscar\u00e1 intervenir m\u00e1s vialidades en las comunidades y la Cabecera Municipal, con el objetivo de fortalecer la infraestructura y mejorar la calidad de vida de las y los huejotzingas.<\/p>\n\n\n\n<p>Es as\u00ed que el edil, Roberto Sol\u00eds, contin\u00faa cumpliendo su compromiso con el progreso y la modernizaci\u00f3n del Municipio, trabajando de la mano con la ciudadan\u00eda para construir un futuro m\u00e1s conectado y pr\u00f3spero.<\/p>\n\n\n\n<p>Con la inauguraci\u00f3n del boulevard \u201cR\u00edo Xochiac\u201d, Roberto Sol\u00eds culmina exitosamente la primera etapa del \u201crescate carretero\u201d en Huejotzingo<\/p>\n","protected":false},"excerpt":{"rendered":"<p>Con la inauguraci\u00f3n del boulevard \u201cR\u00edo Xochiac\u201d, Roberto Sol\u00eds culmina exitosamente la primera etapa del \u201crescate carretero\u201d en Huejotzingo Con gran \u00e9xito, se realiz\u00f3 la inauguraci\u00f3n del Boulevard \u00abR\u00edo Xochiac\u00bb en la Junta Auxiliar de Santa Ana Xalmimilulco, marcando la culminaci\u00f3n de la primera etapa del programa \u00abRescate Carretero\u00bb. Esta obra, encabezada por el Presidente [&hellip;]<\/p>\n","protected":false},"author":4,"featured_media":65347,"comment_status":"open","ping_status":"open","sticky":false,"template":"","format":"standard","meta":{"om_disable_all_campaigns":false,"_monsterinsights_skip_tracking":false,"_monsterinsights_sitenote_active":false,"_monsterinsights_sitenote_note":"","_monsterinsights_sitenote_category":0,"footnotes":""},"categories":[175],"tags":[223],"class_list":["post-65346","post","type-post","status-publish","format-standard","has-post-thumbnail","hentry","category-local","tag-puebla"],"amp_enabled":true,"_links":{"self":[{"href":"https:\/\/lahora.mx\/index.php\/wp-json\/wp\/v2\/posts\/65346","targetHints":{"allow":["GET"]}}],"collection":[{"href":"https:\/\/lahora.mx\/index.php\/wp-json\/wp\/v2\/posts"}],"about":[{"href":"https:\/\/lahora.mx\/index.php\/wp-json\/wp\/v2\/types\/post"}],"author":[{"embeddable":true,"href":"https:\/\/lahora.mx\/index.php\/wp-json\/wp\/v2\/users\/4"}],"replies":[{"embeddable":true,"href":"https:\/\/lahora.mx\/index.php\/wp-json\/wp\/v2\/comments?post=65346"}],"version-history":[{"count":1,"href":"https:\/\/lahora.mx\/index.php\/wp-json\/wp\/v2\/posts\/65346\/revisions"}],"predecessor-version":[{"id":65348,"href":"https:\/\/lahora.mx\/index.php\/wp-json\/wp\/v2\/posts\/65346\/revisions\/65348"}],"wp:featuredmedia":[{"embeddable":true,"href":"https:\/\/lahora.mx\/index.php\/wp-json\/wp\/v2\/media\/65347"}],"wp:attachment":[{"href":"https:\/\/lahora.mx\/index.php\/wp-json\/wp\/v2\/media?parent=65346"}],"wp:term":[{"taxonomy":"category","embeddable":true,"href":"https:\/\/lahora.mx\/index.php\/wp-json\/wp\/v2\/categories?post=65346"},{"taxonomy":"post_tag","embeddable":true,"href":"https:\/\/lahora.mx\/index.php\/wp-json\/wp\/v2\/tags?post=65346"}],"curies":[{"name":"wp","href":"https:\/\/api.w.org\/{rel}","templated":true}]}}