{"id":65343,"date":"2025-07-18T01:22:26","date_gmt":"2025-07-18T01:22:26","guid":{"rendered":"https:\/\/lahora.mx\/?p=65343"},"modified":"2025-07-18T01:22:27","modified_gmt":"2025-07-18T01:22:27","slug":"alejandro-armenta-y-roberto-solis-entregan-apoyos-y-dan-banderazo-a-nuevas-unidades-vehiculares-para-fortalecer-el-desarrollo-de-huejotzingo","status":"publish","type":"post","link":"https:\/\/lahora.mx\/index.php\/2025\/07\/18\/alejandro-armenta-y-roberto-solis-entregan-apoyos-y-dan-banderazo-a-nuevas-unidades-vehiculares-para-fortalecer-el-desarrollo-de-huejotzingo\/","title":{"rendered":"Alejandro Armenta y Roberto Sol\u00eds entregan apoyos y dan banderazo a nuevas unidades vehiculares para fortalecer el desarrollo de Huejotzingo"},"content":{"rendered":"\n<p>En un evento de gran relevancia para el Pueblo M\u00e1gico, el Gobernador del Estado, Alejandro Armenta Mier, en conjunto con el Presidente Municipal de Huejotzingo, Roberto Sol\u00eds Valles, encabezaron la entrega de m\u00f3dulos de maquinaria, apoyos para el desarrollo pecuario y acu\u00edcola, insumos estrat\u00e9gicos para la producci\u00f3n y recursos del programa estatal \u00abObra Comunitaria\u00bb a diversos Municipios de la regi\u00f3n.<\/p>\n\n\n\n<p>Durante la ceremonia, se entregaron constancias del programa \u00abObra Comunitaria\u00bb a las ocho Juntas Auxiliares y a la Cabecera Municipal de Huejotzingo. Asimismo, se otorgaron reconocimientos de los programas municipales \u00abColoreando la Educaci\u00f3n\u00bb a 20 directivos de instituciones educativas beneficiadas y \u00abComunidades Sustentables\u00bb a m\u00e1s de mil 400 ciudadanos que recibir\u00e1n calentadores solares. Tambi\u00e9n se proporcionaron uniformes para las \u00e1reas de Salud y Protecci\u00f3n Civil, reforzando el compromiso con la seguridad y el bienestar de la ciudadan\u00eda.<\/p>\n\n\n\n<p>Un momento destacado fue el banderazo de salida a 15 nuevas unidades vehiculares adquiridas con recursos propios del Gobierno Municipal, destinadas a fortalecer las \u00e1reas de Alumbrado P\u00fablico, Parques y Jardines, Protecci\u00f3n Civil y el Sistema Operador de los Servicios de Agua Potable y Alcantarillado de Huejotzingo (SOSAPAHUE). Esta inversi\u00f3n refleja el esfuerzo de la administraci\u00f3n por mejorar los servicios p\u00fablicos en beneficio de las y los huejotzingas.<\/p>\n\n\n\n<p>En su mensaje, el Gobernador Alejandro Armenta destac\u00f3 la importancia del campo poblano y reconoci\u00f3 el compromiso del Presidente Municipal, Roberto Sol\u00eds, por la adquisici\u00f3n de estas unidades, las cuales contribuir\u00e1n al bienestar de habitantes y visitantes. Por su parte, el edil agradeci\u00f3 el respaldo del Gobierno Estatal y resalt\u00f3 la sinergia con el programa \u00abObra Comunitaria\u00bb, en el que el Municipio invirti\u00f3 cerca de 37 millones de pesos para obras como drenajes sanitarios, l\u00edneas de conducci\u00f3n de agua potable, rehabilitaci\u00f3n de caminos sacacosechas y pozos de agua potable, entre otros proyectos prioritarios.<\/p>\n\n\n\n<p>El evento cont\u00f3 con la distinguida presencia de Samuel Aguilar Pala, Secretario de Gobernaci\u00f3n Estatal; Javier Aquino Lim\u00f3n, Secretario de Bienestar del Estado; Ana Laura Altamirano P\u00e9rez, Secretaria de Desarrollo Rural y Agricultura del Estado; Rebeca Ba\u00f1uelos Guadarrama, Secretaria de Medio Ambiente, Desarrollo Sustentable y Ordenamiento Territorial del Estado; Vicealmirante Francisco S\u00e1nchez Gonz\u00e1lez, Secretario de Seguridad P\u00fablica del Estado; Carlos Alberto Oliver Pacheco, Secretario de Salud del Estado; Manuel Viveros Narciso, Secretario de Educaci\u00f3n del Estado; Michele Islas Ganime, Directora del Instituto de Bienestar Animal en el Estado; \u00c9dgar Chumacero Hern\u00e1ndez, Coordinador del Programa \u00abObra Comunitaria\u00bb; Rafaela Vianey Garc\u00eda Romero, Diputada Federal del V Distrito; Laura Artemisa Garc\u00eda Ch\u00e1vez, Presidenta de la Junta de Gobierno y Coordinaci\u00f3n Pol\u00edtica del Congreso del Estado; Ana Laura G\u00f3mez Ram\u00edrez, Diputada Local; Shamy Spezia, Presidenta del Sistema Municipal DIF; as\u00ed como Presidentas y Presidentes Municipales de la regi\u00f3n del Izta-Popo.<\/p>\n\n\n\n<p>El Gobierno Municipal de Huejotzingo contin\u00faa trabajando de la mano con el Gobierno Estatal para impulsar el desarrollo integral del Pueblo M\u00e1gico. Estas acciones, que combinan inversi\u00f3n en infraestructura, educaci\u00f3n, sustentabilidad y servicios p\u00fablicos, son un paso firme hacia un Municipio m\u00e1s pr\u00f3spero, equitativo y preparado para el futuro.<\/p>\n","protected":false},"excerpt":{"rendered":"<p>En un evento de gran relevancia para el Pueblo M\u00e1gico, el Gobernador del Estado, Alejandro Armenta Mier, en conjunto con el Presidente Municipal de Huejotzingo, Roberto Sol\u00eds Valles, encabezaron la entrega de m\u00f3dulos de maquinaria, apoyos para el desarrollo pecuario y acu\u00edcola, insumos estrat\u00e9gicos para la producci\u00f3n y recursos del programa estatal \u00abObra Comunitaria\u00bb a [&hellip;]<\/p>\n","protected":false},"author":4,"featured_media":65344,"comment_status":"open","ping_status":"open","sticky":false,"template":"","format":"standard","meta":{"om_disable_all_campaigns":false,"_monsterinsights_skip_tracking":false,"_monsterinsights_sitenote_active":false,"_monsterinsights_sitenote_note":"","_monsterinsights_sitenote_category":0,"footnotes":""},"categories":[175],"tags":[239,223],"class_list":["post-65343","post","type-post","status-publish","format-standard","has-post-thumbnail","hentry","category-local","tag-gobierno","tag-puebla"],"amp_enabled":true,"_links":{"self":[{"href":"https:\/\/lahora.mx\/index.php\/wp-json\/wp\/v2\/posts\/65343","targetHints":{"allow":["GET"]}}],"collection":[{"href":"https:\/\/lahora.mx\/index.php\/wp-json\/wp\/v2\/posts"}],"about":[{"href":"https:\/\/lahora.mx\/index.php\/wp-json\/wp\/v2\/types\/post"}],"author":[{"embeddable":true,"href":"https:\/\/lahora.mx\/index.php\/wp-json\/wp\/v2\/users\/4"}],"replies":[{"embeddable":true,"href":"https:\/\/lahora.mx\/index.php\/wp-json\/wp\/v2\/comments?post=65343"}],"version-history":[{"count":1,"href":"https:\/\/lahora.mx\/index.php\/wp-json\/wp\/v2\/posts\/65343\/revisions"}],"predecessor-version":[{"id":65345,"href":"https:\/\/lahora.mx\/index.php\/wp-json\/wp\/v2\/posts\/65343\/revisions\/65345"}],"wp:featuredmedia":[{"embeddable":true,"href":"https:\/\/lahora.mx\/index.php\/wp-json\/wp\/v2\/media\/65344"}],"wp:attachment":[{"href":"https:\/\/lahora.mx\/index.php\/wp-json\/wp\/v2\/media?parent=65343"}],"wp:term":[{"taxonomy":"category","embeddable":true,"href":"https:\/\/lahora.mx\/index.php\/wp-json\/wp\/v2\/categories?post=65343"},{"taxonomy":"post_tag","embeddable":true,"href":"https:\/\/lahora.mx\/index.php\/wp-json\/wp\/v2\/tags?post=65343"}],"curies":[{"name":"wp","href":"https:\/\/api.w.org\/{rel}","templated":true}]}}