{"id":65328,"date":"2025-07-18T01:21:09","date_gmt":"2025-07-18T01:21:09","guid":{"rendered":"https:\/\/lahora.mx\/?p=65328"},"modified":"2025-07-18T01:21:10","modified_gmt":"2025-07-18T01:21:10","slug":"seguridad-y-certeza-educativa-para-jovenes-mixtecos-con-nuevo-campus-usep","status":"publish","type":"post","link":"https:\/\/lahora.mx\/index.php\/2025\/07\/18\/seguridad-y-certeza-educativa-para-jovenes-mixtecos-con-nuevo-campus-usep\/","title":{"rendered":"Seguridad y certeza educativa para j\u00f3venes mixtecos con nuevo campus USEP"},"content":{"rendered":"\n<p>Con una inversi\u00f3n de 48.8 millones de pesos, el gobernador Alejandro Armenta coloc\u00f3 la primera piedra del nuevo campus regional de la Universidad de la Salud del Estado de Puebla (USEP) en la regi\u00f3n mixteca de la entidad. La obra representa una acci\u00f3n estrat\u00e9gica para garantizar el derecho a la educaci\u00f3n y a la salud, al integrar una visi\u00f3n de seguridad y humanismo en ambas \u00e1reas.<\/p>\n\n\n\n<p>Durante el evento \u201cSeguridad para el Bienestar\u201d, Alejandro Armenta subray\u00f3 que actualmente solo el 5 por ciento de los j\u00f3venes que desean estudiar medicina logran ingresar. Esta sede regional busca transformar ese panorama, y acercar\u00e1 la formaci\u00f3n m\u00e9dica a las comunidades marginadas de la mixteca. \u201cLa seguridad no s\u00f3lo se construye con polic\u00edas y patrullas, tambi\u00e9n se garantiza con educaci\u00f3n y salud p\u00fablica. Por eso esta universidad es una obra estrat\u00e9gica\u201d.<br>\u201cAqu\u00ed estamos dando una respuesta real: acercamos la educaci\u00f3n para formar m\u00e9dicos, enfermeras y especialistas en salud, sin que los j\u00f3venes tengan que abandonar su tierra\u201d, dijo Alejandro Armenta.<\/p>\n\n\n\n<p>El nuevo campus contar\u00e1 con aulas did\u00e1cticas, laboratorios, simuladores y una unidad de docencia de estructura met\u00e1lica. Tambi\u00e9n se construir\u00e1n sanitarios, barda perimetral, cisterna, puerta de acceso, red el\u00e9ctrica, hidr\u00e1ulica y sanitaria, con m\u00e1s de 20 millones de pesos destinados a mobiliario y equipamiento.<\/p>\n\n\n\n<p>La sede beneficiar\u00e1 a estudiantes de 14 municipios: Chietla, Tepeojuma, San Mart\u00edn Totoltepec, Iz\u00facar de Matamoros, Tilapa, Epatl\u00e1n, Tepexco, Tlapanal\u00e1, Atzala, Xochiltepec, Ahuatl\u00e1n, Teopantl\u00e1n, San Diego la Mesa Tochimiltzingo.<\/p>\n\n\n\n<p>El presidente municipal de Iz\u00facar de Matamoros, Eliseo Morales Rosales, calific\u00f3 el d\u00eda como hist\u00f3rico y asegur\u00f3 que esta obra \u201crepresenta mucho m\u00e1s que ladrillos; es una puerta directa al futuro de la Mixteca, que formar\u00e1 m\u00e9dicos comprometidos con su gente\u201d.<\/p>\n\n\n\n<p>Esta sede es una de las cuatro que se construir\u00e1n en el estado, junto con Tepexi, Yaon\u00e1huac y Zoquitl\u00e1n. El objetivo es evitar el gasto familiar en traslados y alojamiento, y fortalecer la seguridad comunitaria desde el acceso equitativo al conocimiento y al sistema de salud.<\/p>\n","protected":false},"excerpt":{"rendered":"<p>Con una inversi\u00f3n de 48.8 millones de pesos, el gobernador Alejandro Armenta coloc\u00f3 la primera piedra del nuevo campus regional de la Universidad de la Salud del Estado de Puebla (USEP) en la regi\u00f3n mixteca de la entidad. La obra representa una acci\u00f3n estrat\u00e9gica para garantizar el derecho a la educaci\u00f3n y a la salud, [&hellip;]<\/p>\n","protected":false},"author":4,"featured_media":65341,"comment_status":"open","ping_status":"open","sticky":false,"template":"","format":"standard","meta":{"om_disable_all_campaigns":false,"_monsterinsights_skip_tracking":false,"_monsterinsights_sitenote_active":false,"_monsterinsights_sitenote_note":"","_monsterinsights_sitenote_category":0,"footnotes":""},"categories":[175],"tags":[239,223],"class_list":["post-65328","post","type-post","status-publish","format-standard","has-post-thumbnail","hentry","category-local","tag-gobierno","tag-puebla"],"amp_enabled":true,"_links":{"self":[{"href":"https:\/\/lahora.mx\/index.php\/wp-json\/wp\/v2\/posts\/65328","targetHints":{"allow":["GET"]}}],"collection":[{"href":"https:\/\/lahora.mx\/index.php\/wp-json\/wp\/v2\/posts"}],"about":[{"href":"https:\/\/lahora.mx\/index.php\/wp-json\/wp\/v2\/types\/post"}],"author":[{"embeddable":true,"href":"https:\/\/lahora.mx\/index.php\/wp-json\/wp\/v2\/users\/4"}],"replies":[{"embeddable":true,"href":"https:\/\/lahora.mx\/index.php\/wp-json\/wp\/v2\/comments?post=65328"}],"version-history":[{"count":1,"href":"https:\/\/lahora.mx\/index.php\/wp-json\/wp\/v2\/posts\/65328\/revisions"}],"predecessor-version":[{"id":65342,"href":"https:\/\/lahora.mx\/index.php\/wp-json\/wp\/v2\/posts\/65328\/revisions\/65342"}],"wp:featuredmedia":[{"embeddable":true,"href":"https:\/\/lahora.mx\/index.php\/wp-json\/wp\/v2\/media\/65341"}],"wp:attachment":[{"href":"https:\/\/lahora.mx\/index.php\/wp-json\/wp\/v2\/media?parent=65328"}],"wp:term":[{"taxonomy":"category","embeddable":true,"href":"https:\/\/lahora.mx\/index.php\/wp-json\/wp\/v2\/categories?post=65328"},{"taxonomy":"post_tag","embeddable":true,"href":"https:\/\/lahora.mx\/index.php\/wp-json\/wp\/v2\/tags?post=65328"}],"curies":[{"name":"wp","href":"https:\/\/api.w.org\/{rel}","templated":true}]}}