{"id":65310,"date":"2025-07-17T22:14:44","date_gmt":"2025-07-17T22:14:44","guid":{"rendered":"https:\/\/lahora.mx\/?p=65310"},"modified":"2025-07-17T22:14:44","modified_gmt":"2025-07-17T22:14:44","slug":"estos-seran-los-cierres-viales-por-la-carrera-canina-en-cholula","status":"publish","type":"post","link":"https:\/\/lahora.mx\/index.php\/2025\/07\/17\/estos-seran-los-cierres-viales-por-la-carrera-canina-en-cholula\/","title":{"rendered":"Estos ser\u00e1n los cierres viales por la Carrera Canina en Cholula"},"content":{"rendered":"\n<p>Debido a la primera Carrera Canina San Andr\u00e9s Cholula del pr\u00f3ximo 20 de julio, en el centro de la ciudad, el Ayuntamiento dio a conocer las cinco v\u00edas alternas que se contar\u00e1n en el municipio debido a los cierres viales por este evento.<\/p>\n\n\n\n<p>Estos ser\u00e1n los cierres viales por la Carrera Canina en Cholula<br>De acuerdo con el mapa compartido por la Secretar\u00eda de Desarrollo Econ\u00f3mico y Sector Agropecuario, la carrera durar\u00e1 de las 6:30 a las 9:00 horas, por lo que durante ese tiempo estar\u00e1 cerrada gran parte del centro de Cholula.<\/p>\n\n\n\n<p>Calle 5 de mayo y 4 Oriente, salida a Calle Atzala y el entroncado con Perif\u00e9rico Ecol\u00f3gico, con sentido a la autopista Puebla-M\u00e9xico<br>Calle Maximino \u00c1vila Camacho y Radial a Zapata, con salida a Boulevard Atlixco-Puebla, tambi\u00e9n con direcci\u00f3n a Tlaxcalancingo.<br>Calle 16 de Septiembre con 9 Oriente, con salida sobre radial a San Antonio Cacalotepec, y Carretera Federal Atlixco-Puebla<br>Finalmente, tambi\u00e9n ser\u00e1 habilitada la Calle Reforma y 3 Sur, con salida a San Francisco Acatepec, y Federal Atlixco o corredor tur\u00edstico.<\/p>\n\n\n\n<p>Primera carrera canina en Cholula<\/p>\n\n\n\n<p>La primera carrera canina en San Andr\u00e9s Cholula es un evento deportivo en el que los perritos ser\u00e1n acompa\u00f1ados por sus due\u00f1os en las categor\u00edas de 1.6, 3 y 5 kil\u00f3metros, la cual se llevar\u00e1 a cabo el 20 de julio, y premiar\u00e1 a los primeros lugares.<\/p>\n\n\n\n<p>La inscripci\u00f3n estar\u00e1 abierta hasta el 19 de julio a las 13:00 de la tarde. Los interesados podr\u00e1n registrarse en las tiendas Mister Tennis y Vans de Puebla, y tambi\u00e9n en el Centro de Bienestar de San Andr\u00e9s Cholula.<\/p>\n\n\n\n<p>La cuota de inscripci\u00f3n es de 300 pesos y la entrega del kit para participar en la carrera se dar\u00e1 el mismo s\u00e1bado 19 de julio en la explanada del z\u00f3calo de San Andr\u00e9s Cholula.<\/p>\n","protected":false},"excerpt":{"rendered":"<p>Debido a la primera Carrera Canina San Andr\u00e9s Cholula del pr\u00f3ximo 20 de julio, en el centro de la ciudad, el Ayuntamiento dio a conocer las cinco v\u00edas alternas que se contar\u00e1n en el municipio debido a los cierres viales por este evento. Estos ser\u00e1n los cierres viales por la Carrera Canina en CholulaDe acuerdo [&hellip;]<\/p>\n","protected":false},"author":4,"featured_media":65311,"comment_status":"open","ping_status":"open","sticky":false,"template":"","format":"standard","meta":{"om_disable_all_campaigns":false,"_monsterinsights_skip_tracking":false,"_monsterinsights_sitenote_active":false,"_monsterinsights_sitenote_note":"","_monsterinsights_sitenote_category":0,"footnotes":""},"categories":[3,175],"tags":[234,223],"class_list":["post-65310","post","type-post","status-publish","format-standard","has-post-thumbnail","hentry","category-entretenimiento","category-local","tag-cholula","tag-puebla"],"amp_enabled":true,"_links":{"self":[{"href":"https:\/\/lahora.mx\/index.php\/wp-json\/wp\/v2\/posts\/65310","targetHints":{"allow":["GET"]}}],"collection":[{"href":"https:\/\/lahora.mx\/index.php\/wp-json\/wp\/v2\/posts"}],"about":[{"href":"https:\/\/lahora.mx\/index.php\/wp-json\/wp\/v2\/types\/post"}],"author":[{"embeddable":true,"href":"https:\/\/lahora.mx\/index.php\/wp-json\/wp\/v2\/users\/4"}],"replies":[{"embeddable":true,"href":"https:\/\/lahora.mx\/index.php\/wp-json\/wp\/v2\/comments?post=65310"}],"version-history":[{"count":1,"href":"https:\/\/lahora.mx\/index.php\/wp-json\/wp\/v2\/posts\/65310\/revisions"}],"predecessor-version":[{"id":65312,"href":"https:\/\/lahora.mx\/index.php\/wp-json\/wp\/v2\/posts\/65310\/revisions\/65312"}],"wp:featuredmedia":[{"embeddable":true,"href":"https:\/\/lahora.mx\/index.php\/wp-json\/wp\/v2\/media\/65311"}],"wp:attachment":[{"href":"https:\/\/lahora.mx\/index.php\/wp-json\/wp\/v2\/media?parent=65310"}],"wp:term":[{"taxonomy":"category","embeddable":true,"href":"https:\/\/lahora.mx\/index.php\/wp-json\/wp\/v2\/categories?post=65310"},{"taxonomy":"post_tag","embeddable":true,"href":"https:\/\/lahora.mx\/index.php\/wp-json\/wp\/v2\/tags?post=65310"}],"curies":[{"name":"wp","href":"https:\/\/api.w.org\/{rel}","templated":true}]}}