{"id":65307,"date":"2025-07-17T22:13:08","date_gmt":"2025-07-17T22:13:08","guid":{"rendered":"https:\/\/lahora.mx\/?p=65307"},"modified":"2025-07-17T22:13:09","modified_gmt":"2025-07-17T22:13:09","slug":"gobierno-de-la-ciudad-consolida-centro-de-monitoreo-semaforico","status":"publish","type":"post","link":"https:\/\/lahora.mx\/index.php\/2025\/07\/17\/gobierno-de-la-ciudad-consolida-centro-de-monitoreo-semaforico\/","title":{"rendered":"Gobierno de la Ciudad consolida Centro de Monitoreo Semaf\u00f3rico"},"content":{"rendered":"\n<p>El Gobierno de la Ciudad que encabeza el alcalde Pepe Chedraui, traslad\u00f3 el Centro de Monitoreo Semaf\u00f3rico a las instalaciones de la Direcci\u00f3n General de Emergencia y Respuesta Inmediata (DGERI) de la Secretar\u00eda de Seguridad Ciudadana (SSC).<\/p>\n\n\n\n<p>Esto, con el objetivo de fortalecer la coordinaci\u00f3n interinstitucional, ampliar la cobertura de las plataformas de vigilancia, as\u00ed como contribuir a la mejora de la seguridad p\u00fablica y movilidad en la capital.<\/p>\n\n\n\n<p>Al respecto, el secretario General de Gobierno, Franco Rodr\u00edguez, mencion\u00f3 que la instalaci\u00f3n del Centro de Monitoreo Semaf\u00f3rico en esta nueva sede representa un paso estrat\u00e9gico en la consolidaci\u00f3n de un modelo de seguridad y movilidad m\u00e1s eficiente, coordinado y orientado a la atenci\u00f3n inmediata de emergencias.<\/p>\n\n\n\n<p>\u201cEsta medida no s\u00f3lo fortalece la capacidad operativa de los cuerpos de seguridad de la capital, tambi\u00e9n optimiza los recursos tecnol\u00f3gicos existentes para atender situaciones de emergencia o situaciones de riesgo. La comunicaci\u00f3n directa permitir\u00e1 ajustar los ciclos semaf\u00f3ricos con inmediatez para facilitar la circulaci\u00f3n de patrullas, ambulancias y unidades de emergencia, entre otros beneficios\u201d, subray\u00f3.<\/p>\n\n\n\n<p>A su vez, el titular de la Secretar\u00eda de Seguridad Ciudadana, coronel de Infanter\u00eda F\u00e9lix Pallares Miranda, se\u00f1al\u00f3 que esta fusi\u00f3n tecnol\u00f3gica con la Secretar\u00eda de Movilidad e Infraestructura, fortalecer\u00e1 los protocolos de actuaci\u00f3n policial, a la vez de reforzar las capacidades de vigilancia, prevenci\u00f3n del delito y atenci\u00f3n inmediata. Con ello, se garantiza tiempos de respuesta m\u00e1s cortos, rutas seguras y una gesti\u00f3n m\u00e1s eficiente de los recursos.<\/p>\n\n\n\n<p>Gobierno de la Ciudad consolida Centro de Monitoreo Semaf\u00f3rico<br>\u201cAl integrar estos sistemas, avanzamos hacia una ciudad m\u00e1s segura, ordenada y resiliente, donde la tecnolog\u00eda est\u00e1 al servicio de la protecci\u00f3n y tranquilidad de los ciudadanos. Desde la Secretar\u00eda de Seguridad Ciudadana reafirmamos nuestro compromiso de construir entornos m\u00e1s seguros mediante acciones concretas y coordinaci\u00f3n inteligente\u201d, destac\u00f3.<\/p>\n\n\n\n<p>En su intervenci\u00f3n, el secretario de Movilidad e Infraestructura, David Aysa precis\u00f3 que, la reubicaci\u00f3n del Centro de Monitoreo Semaf\u00f3rico responde a la necesidad de mejorar la seguridad vial.<\/p>\n\n\n\n<p>Adem\u00e1s, modernizar el sistema de gesti\u00f3n de tr\u00e1fico permitir\u00e1 hacer m\u00e1s eficiente la atenci\u00f3n de emergencias, reducir los tiempos de respuesta semaf\u00f3ricos y optimizar los traslados de los poblanos con criterios de seguridad.<\/p>\n\n\n\n<p>Gobierno de la Ciudad consolida Centro de Monitoreo Semaf\u00f3rico<br>\u201cCon estas acciones construimos el camino hacia una red semaf\u00f3rica inteligente que permita intercambiar informaci\u00f3n y aprovechar la infraestructura tecnol\u00f3gica de la DGERI utilizando las herramientas del sistema de vigilancia y la red de comunicaci\u00f3n con las unidades en campo, para mejorar el control y la gesti\u00f3n de la movilidad en la ciudad\u201d, asever\u00f3.<\/p>\n\n\n\n<p>Entre las acciones de fortalecimiento de la red semaf\u00f3rica de la capital se encuentran:<\/p>\n\n\n\n<p>Sustituci\u00f3n de 400 sem\u00e1foros vehiculares con tecnolog\u00eda LED en 100 intersecciones de la capital<br>Integraci\u00f3n de 141 intersecciones semaf\u00f3ricas al sistema de gesti\u00f3n de tr\u00e1fico<br>Instalaci\u00f3n de 400 sem\u00e1foros peatonales en 100 intersecciones con mayor \u00edndice de siniestros viales de la capital<br>Las acciones incluyen tecnolog\u00edas accesibles para personas con discapacidad, a trav\u00e9s de sem\u00e1foros audibles.<\/p>\n\n\n\n<p>Adicionalmente, se instalar\u00e1n 400 l\u00e1minas antirreflejo, 100 se\u00f1alamientos viales verticales y dos pantallas de mensaje variable.<\/p>\n\n\n\n<p>Adem\u00e1s, se inici\u00f3 con la aplicaci\u00f3n de 100 kil\u00f3metros con se\u00f1al\u00e9tica horizontal y se han realizado mil 160 acciones de mantenimiento preventivo y correctivo en mil 31 intersecciones semaforizadas que integran la red.<\/p>\n","protected":false},"excerpt":{"rendered":"<p>El Gobierno de la Ciudad que encabeza el alcalde Pepe Chedraui, traslad\u00f3 el Centro de Monitoreo Semaf\u00f3rico a las instalaciones de la Direcci\u00f3n General de Emergencia y Respuesta Inmediata (DGERI) de la Secretar\u00eda de Seguridad Ciudadana (SSC). Esto, con el objetivo de fortalecer la coordinaci\u00f3n interinstitucional, ampliar la cobertura de las plataformas de vigilancia, as\u00ed [&hellip;]<\/p>\n","protected":false},"author":4,"featured_media":65308,"comment_status":"open","ping_status":"open","sticky":false,"template":"","format":"standard","meta":{"om_disable_all_campaigns":false,"_monsterinsights_skip_tracking":false,"_monsterinsights_sitenote_active":false,"_monsterinsights_sitenote_note":"","_monsterinsights_sitenote_category":0,"footnotes":""},"categories":[175],"tags":[239,223],"class_list":["post-65307","post","type-post","status-publish","format-standard","has-post-thumbnail","hentry","category-local","tag-gobierno","tag-puebla"],"amp_enabled":true,"_links":{"self":[{"href":"https:\/\/lahora.mx\/index.php\/wp-json\/wp\/v2\/posts\/65307","targetHints":{"allow":["GET"]}}],"collection":[{"href":"https:\/\/lahora.mx\/index.php\/wp-json\/wp\/v2\/posts"}],"about":[{"href":"https:\/\/lahora.mx\/index.php\/wp-json\/wp\/v2\/types\/post"}],"author":[{"embeddable":true,"href":"https:\/\/lahora.mx\/index.php\/wp-json\/wp\/v2\/users\/4"}],"replies":[{"embeddable":true,"href":"https:\/\/lahora.mx\/index.php\/wp-json\/wp\/v2\/comments?post=65307"}],"version-history":[{"count":1,"href":"https:\/\/lahora.mx\/index.php\/wp-json\/wp\/v2\/posts\/65307\/revisions"}],"predecessor-version":[{"id":65309,"href":"https:\/\/lahora.mx\/index.php\/wp-json\/wp\/v2\/posts\/65307\/revisions\/65309"}],"wp:featuredmedia":[{"embeddable":true,"href":"https:\/\/lahora.mx\/index.php\/wp-json\/wp\/v2\/media\/65308"}],"wp:attachment":[{"href":"https:\/\/lahora.mx\/index.php\/wp-json\/wp\/v2\/media?parent=65307"}],"wp:term":[{"taxonomy":"category","embeddable":true,"href":"https:\/\/lahora.mx\/index.php\/wp-json\/wp\/v2\/categories?post=65307"},{"taxonomy":"post_tag","embeddable":true,"href":"https:\/\/lahora.mx\/index.php\/wp-json\/wp\/v2\/tags?post=65307"}],"curies":[{"name":"wp","href":"https:\/\/api.w.org\/{rel}","templated":true}]}}