{"id":65301,"date":"2025-07-17T22:08:47","date_gmt":"2025-07-17T22:08:47","guid":{"rendered":"https:\/\/lahora.mx\/?p=65301"},"modified":"2025-07-17T22:08:47","modified_gmt":"2025-07-17T22:08:47","slug":"puebla-brilla-prioriza-modernizacion-de-alumbrado-publico-en-juntas-auxiliares","status":"publish","type":"post","link":"https:\/\/lahora.mx\/index.php\/2025\/07\/17\/puebla-brilla-prioriza-modernizacion-de-alumbrado-publico-en-juntas-auxiliares\/","title":{"rendered":"Puebla Brilla prioriza modernizaci\u00f3n de alumbrado p\u00fablico en juntas auxiliares"},"content":{"rendered":"\n<p>El presidente municipal Pepe Chedraui Budib, prioriz\u00f3 la atenci\u00f3n de las juntas auxiliares a trav\u00e9s de la estrategia Puebla Brilla, logrando la modernizaci\u00f3n de 2 mil 965 luminarias con tecnolog\u00eda LED en beneficio de 73 mil 498 ciudadanos en nueve de las 17 juntas auxiliares en la capital, en menos de un a\u00f1o.<\/p>\n\n\n\n<p>En San Andr\u00e9s Azumiatla, San Miguel Canoa, San Baltazar Campeche, Ignacio Zaragoza, San Francisco Totimehuacan, Santa Mar\u00eda Guadalupe Tecola, San Baltazar Tetela, San Felipe Hueyotlipan y San Jer\u00f3nimo Caleras, la Secretar\u00eda de Servicios P\u00fablicos ha modernizado el parque lum\u00ednico.<\/p>\n\n\n\n<p>Puebla Brilla prioriza modernizaci\u00f3n de alumbrado p\u00fablico en juntas auxiliares<br>El secretario de Servicios P\u00fablicos, Clemente G\u00f3mez Medina, resalt\u00f3 que la instrucci\u00f3n del presidente Pepe Chedraui es concluir la transici\u00f3n del alumbrado p\u00fablico de AMC a tecnolog\u00eda LED en las 17 juntas auxiliares, a fin de garantizar senderos seguros, calles bien iluminadas y la generaci\u00f3n de comunidad.<\/p>\n\n\n\n<p>A trav\u00e9s de esta estrategia, el Gobierno de la Ciudad da muestra del compromiso con acciones concretas para poner la capital en orden, alumbrando el presente y proyectando un futuro m\u00e1s justo para todos.<\/p>\n\n\n\n<p>Puebla Brilla prioriza modernizaci\u00f3n de alumbrado p\u00fablico en juntas auxiliares<br>Esta intervenci\u00f3n no s\u00f3lo representa una transformaci\u00f3n urbana, tambi\u00e9n impacta directamente en la seguridad, el desarrollo social y la dignidad de miles de familias poblanas, al tiempo que fortalece el tejido social.<\/p>\n","protected":false},"excerpt":{"rendered":"<p>El presidente municipal Pepe Chedraui Budib, prioriz\u00f3 la atenci\u00f3n de las juntas auxiliares a trav\u00e9s de la estrategia Puebla Brilla, logrando la modernizaci\u00f3n de 2 mil 965 luminarias con tecnolog\u00eda LED en beneficio de 73 mil 498 ciudadanos en nueve de las 17 juntas auxiliares en la capital, en menos de un a\u00f1o. En San [&hellip;]<\/p>\n","protected":false},"author":4,"featured_media":65302,"comment_status":"open","ping_status":"open","sticky":false,"template":"","format":"standard","meta":{"om_disable_all_campaigns":false,"_monsterinsights_skip_tracking":false,"_monsterinsights_sitenote_active":false,"_monsterinsights_sitenote_note":"","_monsterinsights_sitenote_category":0,"footnotes":""},"categories":[175],"tags":[223],"class_list":["post-65301","post","type-post","status-publish","format-standard","has-post-thumbnail","hentry","category-local","tag-puebla"],"amp_enabled":true,"_links":{"self":[{"href":"https:\/\/lahora.mx\/index.php\/wp-json\/wp\/v2\/posts\/65301","targetHints":{"allow":["GET"]}}],"collection":[{"href":"https:\/\/lahora.mx\/index.php\/wp-json\/wp\/v2\/posts"}],"about":[{"href":"https:\/\/lahora.mx\/index.php\/wp-json\/wp\/v2\/types\/post"}],"author":[{"embeddable":true,"href":"https:\/\/lahora.mx\/index.php\/wp-json\/wp\/v2\/users\/4"}],"replies":[{"embeddable":true,"href":"https:\/\/lahora.mx\/index.php\/wp-json\/wp\/v2\/comments?post=65301"}],"version-history":[{"count":1,"href":"https:\/\/lahora.mx\/index.php\/wp-json\/wp\/v2\/posts\/65301\/revisions"}],"predecessor-version":[{"id":65303,"href":"https:\/\/lahora.mx\/index.php\/wp-json\/wp\/v2\/posts\/65301\/revisions\/65303"}],"wp:featuredmedia":[{"embeddable":true,"href":"https:\/\/lahora.mx\/index.php\/wp-json\/wp\/v2\/media\/65302"}],"wp:attachment":[{"href":"https:\/\/lahora.mx\/index.php\/wp-json\/wp\/v2\/media?parent=65301"}],"wp:term":[{"taxonomy":"category","embeddable":true,"href":"https:\/\/lahora.mx\/index.php\/wp-json\/wp\/v2\/categories?post=65301"},{"taxonomy":"post_tag","embeddable":true,"href":"https:\/\/lahora.mx\/index.php\/wp-json\/wp\/v2\/tags?post=65301"}],"curies":[{"name":"wp","href":"https:\/\/api.w.org\/{rel}","templated":true}]}}