{"id":65289,"date":"2025-07-17T21:59:56","date_gmt":"2025-07-17T21:59:56","guid":{"rendered":"https:\/\/lahora.mx\/?p=65289"},"modified":"2025-07-17T21:59:57","modified_gmt":"2025-07-17T21:59:57","slug":"el-zocalo-de-puebla-recibira-la-danza-de-los-listones","status":"publish","type":"post","link":"https:\/\/lahora.mx\/index.php\/2025\/07\/17\/el-zocalo-de-puebla-recibira-la-danza-de-los-listones\/","title":{"rendered":"El z\u00f3calo de Puebla recibir\u00e1 la Danza de los listones"},"content":{"rendered":"\n<p>El Z\u00f3calo ser\u00e1 sede de la muestra p\u00fablica de la \u201cDanza de los listones\u201d, del tiempero Antonio Analco Sevilla, el pr\u00f3ximo 19 de julio a las 19:00 horas.<br><br>Los rituales que se realizan son en honor a los volcanes Popocat\u00e9petl e Iztacc\u00edhuatl.<\/p>\n\n\n\n<p>Originario de Santiago Xalitzintla, junta auxiliar del municipio de San Nicol\u00e1s de los Ranchos, don Antonio hered\u00f3 el oficio de su padre, tambi\u00e9n trabajador del tiempo. La danza se ejecutar\u00e1 con una varilla de casi un siglo de antig\u00fcedad, elemento que simboliza continuidad en la tradici\u00f3n.<\/p>\n\n\n\n<p>En la presentaci\u00f3n, Analco Sevilla detallar\u00e1 el sentido espiritual y agr\u00edcola de los rituales que realiza al menos cuatro veces al a\u00f1o. En cada uno, honra a don Gregorio Popocat\u00e9petl, la \u201cMonta\u00f1a que humea\u201d, y a do\u00f1a Rosita Iztacc\u00edhuatl, la \u201cMujer blanca\u201d<\/p>\n\n\n\n<p>El ritual de la Danza de los listones, es parte de un ritual que est\u00e1 vinculado con el ciclo agr\u00edcola y las comunidades dedicadas al cultivo.<\/p>\n\n\n\n<p>Tambi\u00e9n se compartir\u00e1 con los asistentes informaci\u00f3n sobre el simbolismo de los elementos utilizados y el papel del tiempero dentro de la cosmovisi\u00f3n ind\u00edgena relacionada con el clima y la tierra.<\/p>\n","protected":false},"excerpt":{"rendered":"<p>El Z\u00f3calo ser\u00e1 sede de la muestra p\u00fablica de la \u201cDanza de los listones\u201d, del tiempero Antonio Analco Sevilla, el pr\u00f3ximo 19 de julio a las 19:00 horas. Los rituales que se realizan son en honor a los volcanes Popocat\u00e9petl e Iztacc\u00edhuatl. Originario de Santiago Xalitzintla, junta auxiliar del municipio de San Nicol\u00e1s de los [&hellip;]<\/p>\n","protected":false},"author":4,"featured_media":65290,"comment_status":"open","ping_status":"open","sticky":false,"template":"","format":"standard","meta":{"om_disable_all_campaigns":false,"_monsterinsights_skip_tracking":false,"_monsterinsights_sitenote_active":false,"_monsterinsights_sitenote_note":"","_monsterinsights_sitenote_category":0,"footnotes":""},"categories":[3,175],"tags":[223],"class_list":["post-65289","post","type-post","status-publish","format-standard","has-post-thumbnail","hentry","category-entretenimiento","category-local","tag-puebla"],"amp_enabled":true,"_links":{"self":[{"href":"https:\/\/lahora.mx\/index.php\/wp-json\/wp\/v2\/posts\/65289","targetHints":{"allow":["GET"]}}],"collection":[{"href":"https:\/\/lahora.mx\/index.php\/wp-json\/wp\/v2\/posts"}],"about":[{"href":"https:\/\/lahora.mx\/index.php\/wp-json\/wp\/v2\/types\/post"}],"author":[{"embeddable":true,"href":"https:\/\/lahora.mx\/index.php\/wp-json\/wp\/v2\/users\/4"}],"replies":[{"embeddable":true,"href":"https:\/\/lahora.mx\/index.php\/wp-json\/wp\/v2\/comments?post=65289"}],"version-history":[{"count":1,"href":"https:\/\/lahora.mx\/index.php\/wp-json\/wp\/v2\/posts\/65289\/revisions"}],"predecessor-version":[{"id":65291,"href":"https:\/\/lahora.mx\/index.php\/wp-json\/wp\/v2\/posts\/65289\/revisions\/65291"}],"wp:featuredmedia":[{"embeddable":true,"href":"https:\/\/lahora.mx\/index.php\/wp-json\/wp\/v2\/media\/65290"}],"wp:attachment":[{"href":"https:\/\/lahora.mx\/index.php\/wp-json\/wp\/v2\/media?parent=65289"}],"wp:term":[{"taxonomy":"category","embeddable":true,"href":"https:\/\/lahora.mx\/index.php\/wp-json\/wp\/v2\/categories?post=65289"},{"taxonomy":"post_tag","embeddable":true,"href":"https:\/\/lahora.mx\/index.php\/wp-json\/wp\/v2\/tags?post=65289"}],"curies":[{"name":"wp","href":"https:\/\/api.w.org\/{rel}","templated":true}]}}