{"id":65283,"date":"2025-07-17T21:56:06","date_gmt":"2025-07-17T21:56:06","guid":{"rendered":"https:\/\/lahora.mx\/?p=65283"},"modified":"2025-07-17T21:56:07","modified_gmt":"2025-07-17T21:56:07","slug":"se-confirma-que-trump-ha-sido-diagnosticado-con-insuficiencia-venosa-cronica","status":"publish","type":"post","link":"https:\/\/lahora.mx\/index.php\/2025\/07\/17\/se-confirma-que-trump-ha-sido-diagnosticado-con-insuficiencia-venosa-cronica\/","title":{"rendered":"Se confirma que Trump ha sido diagnosticado con insuficiencia venosa cr\u00f3nica"},"content":{"rendered":"\n<p>A trav\u00e9s de un comunicado especial de la Casa Blanca se confirm\u00f3 que, despu\u00e9s de que el presidente Donald Trump se sometiera a un examen m\u00e9dico, derivado de una fuerte inflamaci\u00f3n en la parte inferior de sus piernas y hematomas en las manos, este fue diagnosticado con una fuerte insuficiencia venosa cr\u00f3nica.<br><br>Durante una conferencia de prensa la portavoz principal del mandatario, Karoline Leavitt, explico a los medios de comunicaci\u00f3n que el jefe de Estado tuvo que ser sometido a varios ex\u00e1menes muy delicados. Destac\u00f3 que esta es una enfermedad muy com\u00fan en gente de 80 a\u00f1os, y el republicano ya tiene 79.<\/p>\n\n\n\n<p>\u201cSe trata de una afecci\u00f3n en la que las venas da\u00f1adas de las piernas no logran mantener un flujo sangu\u00edneo adecuado. Es benigna y corriente, afortunadamente se encontr\u00f3 a tiempo antes de que se generara una trombosis venosa profunda, o alguna enfermedad arterial de mayor gravedad\u201d, resalt\u00f3 la funcionaria.<\/p>\n\n\n\n<p>Al abordar las im\u00e1genes en redes sociales que se viralizaron, donde se pueden ver raros hematomas en la mano del republicano, la mujer asegur\u00f3 que se debe a una leve irritaci\u00f3n de los tejidos blandos causada por los frecuentes apretones de manos y el uso de aspirinas que se le suelen brindar por otros padecimientos.<\/p>\n","protected":false},"excerpt":{"rendered":"<p>A trav\u00e9s de un comunicado especial de la Casa Blanca se confirm\u00f3 que, despu\u00e9s de que el presidente Donald Trump se sometiera a un examen m\u00e9dico, derivado de una fuerte inflamaci\u00f3n en la parte inferior de sus piernas y hematomas en las manos, este fue diagnosticado con una fuerte insuficiencia venosa cr\u00f3nica. Durante una conferencia [&hellip;]<\/p>\n","protected":false},"author":4,"featured_media":65284,"comment_status":"open","ping_status":"open","sticky":false,"template":"","format":"standard","meta":{"om_disable_all_campaigns":false,"_monsterinsights_skip_tracking":false,"_monsterinsights_sitenote_active":false,"_monsterinsights_sitenote_note":"","_monsterinsights_sitenote_category":0,"footnotes":""},"categories":[183],"tags":[],"class_list":["post-65283","post","type-post","status-publish","format-standard","has-post-thumbnail","hentry","category-internacional"],"amp_enabled":true,"_links":{"self":[{"href":"https:\/\/lahora.mx\/index.php\/wp-json\/wp\/v2\/posts\/65283","targetHints":{"allow":["GET"]}}],"collection":[{"href":"https:\/\/lahora.mx\/index.php\/wp-json\/wp\/v2\/posts"}],"about":[{"href":"https:\/\/lahora.mx\/index.php\/wp-json\/wp\/v2\/types\/post"}],"author":[{"embeddable":true,"href":"https:\/\/lahora.mx\/index.php\/wp-json\/wp\/v2\/users\/4"}],"replies":[{"embeddable":true,"href":"https:\/\/lahora.mx\/index.php\/wp-json\/wp\/v2\/comments?post=65283"}],"version-history":[{"count":1,"href":"https:\/\/lahora.mx\/index.php\/wp-json\/wp\/v2\/posts\/65283\/revisions"}],"predecessor-version":[{"id":65285,"href":"https:\/\/lahora.mx\/index.php\/wp-json\/wp\/v2\/posts\/65283\/revisions\/65285"}],"wp:featuredmedia":[{"embeddable":true,"href":"https:\/\/lahora.mx\/index.php\/wp-json\/wp\/v2\/media\/65284"}],"wp:attachment":[{"href":"https:\/\/lahora.mx\/index.php\/wp-json\/wp\/v2\/media?parent=65283"}],"wp:term":[{"taxonomy":"category","embeddable":true,"href":"https:\/\/lahora.mx\/index.php\/wp-json\/wp\/v2\/categories?post=65283"},{"taxonomy":"post_tag","embeddable":true,"href":"https:\/\/lahora.mx\/index.php\/wp-json\/wp\/v2\/tags?post=65283"}],"curies":[{"name":"wp","href":"https:\/\/api.w.org\/{rel}","templated":true}]}}