{"id":65280,"date":"2025-07-17T21:54:50","date_gmt":"2025-07-17T21:54:50","guid":{"rendered":"https:\/\/lahora.mx\/?p=65280"},"modified":"2025-07-17T21:54:51","modified_gmt":"2025-07-17T21:54:51","slug":"hallan-otro-crematorio-clandestino-en-jalisco","status":"publish","type":"post","link":"https:\/\/lahora.mx\/index.php\/2025\/07\/17\/hallan-otro-crematorio-clandestino-en-jalisco\/","title":{"rendered":"Hallan otro crematorio clandestino en Jalisco"},"content":{"rendered":"\n<p>En medio de la crisis de desapariciones en M\u00e9xico, el colectivo Guerreros Buscadores de Jalisco report\u00f3 el descubrimiento de un presunto crematorio clandestino en las faldas del Cerro Cuauht\u00e9petl, a 17 kil\u00f3metros de Teuchitl\u00e1n, el pasado 15 de julio de 2025.<\/p>\n\n\n\n<p>Este hallazgo que incluy\u00f3 restos humanos calcinados y casquillos de arma larga reforz\u00f3 las sospechas de actividades delictivas en la regi\u00f3n; se suma a una serie de descubrimientos similares en el estado, considerado uno de los m\u00e1s afectados por la violencia y las desapariciones forzadas.<\/p>\n\n\n\n<p>El colectivo conformado por familiares de personas desaparecidas, revel\u00f3 el hallazgo en una transmisi\u00f3n en vivo en redes sociales: detallaron la localizaci\u00f3n de restos \u00f3seos quemados, muelas, fragmentos de cr\u00e1neos y casquillos percutidos en un \u00e1rea cercana a un campamento.<\/p>\n\n\n\n<p>En la grabaci\u00f3n mostraron sillas con impactos de bala y \u00e1rboles quemados, por lo se sugiri\u00f3 que el sitio, adem\u00e1s de ser utilizado como crematorio clandestino, tambi\u00e9n serv\u00eda para ejecuciones.<\/p>\n\n\n\n<p>A pesar de que los restos se encuentran calcinados \u2014lo que dificulta su identificaci\u00f3n\u2014 los integrantes del colectivo Guerreros Buscadores de Jalisco apuntaron a que se pueden aplicarles estudios de ADN mitocondrial para su reconocimiento.<\/p>\n\n\n\n<p>Hallazgos son recurrentes en Jalisco, la fosa clandestina m\u00e1s grande del pa\u00eds<br>Este descubrimiento se produce a pocos meses de otro hallazgo hist\u00f3rico en Teuchitl\u00e1n, en el rancho Izaguirre, donde en marzo de 2025 el mismo colectivo encontr\u00f3 tres hornos clandestinos, cientos de prendas de vestir, m\u00e1s de 400 pares de zapatos y diferentes restos \u00f3seos.<\/p>\n\n\n\n<p>Aquel lugar fue identificado como un presunto campo de adiestramiento y exterminio del C\u00e1rtel Jalisco Nueva Generaci\u00f3n (CJNG).<\/p>\n\n\n\n<p>\u201cJalisco (con m\u00e1s de 15 mil personas desaparecidas) se ha convertido en la fosa m\u00e1s grande del pa\u00eds, con numerosos hallazgos de fosas clandestinas y crematorios ilegales. Esto es un tema que afecta profundamente a las familias y comunidades, y es fundamental que se investigue con seriedad y se haga justicia\u201d, afirm\u00f3 el colectivo.<\/p>\n\n\n\n<p>La Fiscal\u00eda de Jalisco, hasta el momento de publicar esta nota, no emiti\u00f3 informaci\u00f3n detallada sobre los restos encontrados en el Cerro Cuauht\u00e9petl; Guerreros Buscadores mencion\u00f3 que en muchos casos las autoridades se deslindan de su responsabilidad, bajo el argumento de que \u201csin cuerpo no hay delito\u201d.<\/p>\n","protected":false},"excerpt":{"rendered":"<p>En medio de la crisis de desapariciones en M\u00e9xico, el colectivo Guerreros Buscadores de Jalisco report\u00f3 el descubrimiento de un presunto crematorio clandestino en las faldas del Cerro Cuauht\u00e9petl, a 17 kil\u00f3metros de Teuchitl\u00e1n, el pasado 15 de julio de 2025. Este hallazgo que incluy\u00f3 restos humanos calcinados y casquillos de arma larga reforz\u00f3 las [&hellip;]<\/p>\n","protected":false},"author":4,"featured_media":65281,"comment_status":"open","ping_status":"open","sticky":false,"template":"","format":"standard","meta":{"om_disable_all_campaigns":false,"_monsterinsights_skip_tracking":false,"_monsterinsights_sitenote_active":false,"_monsterinsights_sitenote_note":"","_monsterinsights_sitenote_category":0,"footnotes":""},"categories":[176,226],"tags":[223],"class_list":["post-65280","post","type-post","status-publish","format-standard","has-post-thumbnail","hentry","category-nacional","category-policia","tag-puebla"],"amp_enabled":true,"_links":{"self":[{"href":"https:\/\/lahora.mx\/index.php\/wp-json\/wp\/v2\/posts\/65280","targetHints":{"allow":["GET"]}}],"collection":[{"href":"https:\/\/lahora.mx\/index.php\/wp-json\/wp\/v2\/posts"}],"about":[{"href":"https:\/\/lahora.mx\/index.php\/wp-json\/wp\/v2\/types\/post"}],"author":[{"embeddable":true,"href":"https:\/\/lahora.mx\/index.php\/wp-json\/wp\/v2\/users\/4"}],"replies":[{"embeddable":true,"href":"https:\/\/lahora.mx\/index.php\/wp-json\/wp\/v2\/comments?post=65280"}],"version-history":[{"count":1,"href":"https:\/\/lahora.mx\/index.php\/wp-json\/wp\/v2\/posts\/65280\/revisions"}],"predecessor-version":[{"id":65282,"href":"https:\/\/lahora.mx\/index.php\/wp-json\/wp\/v2\/posts\/65280\/revisions\/65282"}],"wp:featuredmedia":[{"embeddable":true,"href":"https:\/\/lahora.mx\/index.php\/wp-json\/wp\/v2\/media\/65281"}],"wp:attachment":[{"href":"https:\/\/lahora.mx\/index.php\/wp-json\/wp\/v2\/media?parent=65280"}],"wp:term":[{"taxonomy":"category","embeddable":true,"href":"https:\/\/lahora.mx\/index.php\/wp-json\/wp\/v2\/categories?post=65280"},{"taxonomy":"post_tag","embeddable":true,"href":"https:\/\/lahora.mx\/index.php\/wp-json\/wp\/v2\/tags?post=65280"}],"curies":[{"name":"wp","href":"https:\/\/api.w.org\/{rel}","templated":true}]}}