{"id":65271,"date":"2025-07-17T21:29:37","date_gmt":"2025-07-17T21:29:37","guid":{"rendered":"https:\/\/lahora.mx\/?p=65271"},"modified":"2025-07-17T21:29:37","modified_gmt":"2025-07-17T21:29:37","slug":"en-puebla-capital-autoridades-detuvieron-a-5-presuntos-integrantes-de-la-barredora","status":"publish","type":"post","link":"https:\/\/lahora.mx\/index.php\/2025\/07\/17\/en-puebla-capital-autoridades-detuvieron-a-5-presuntos-integrantes-de-la-barredora\/","title":{"rendered":"En Puebla Capital, autoridades detuvieron a 5 presuntos integrantes de \u201cLa Barredora\u201d"},"content":{"rendered":"\n<p>La madrugada del 17 de julio tras un operativo de seguridad realizado en la Colonia Santa Luc\u00eda, ubicada en el sur de la capital poblana, autoridades dieron a conocer que lograron detener a cinco presuntos integrantes del grupo criminal, afiliado al Cartel de Jalisco Nueva Generaci\u00f3n, conocido como \u201cLa <strong>Barredora\u201d<\/strong>.De acuerdo con lo reportado por las autoridades, uno de los individuos detenidos tra\u00eda consigo un uniforme pirata del Ej\u00e9rcito Mexicano, donde se pod\u00eda leer como consigna; \u201cOperativa Barredora\u201d. Tras esto lograron asegurar un cargamento repleto de armas de fuego, cartuchos \u00fatiles y varios paquetes con drogas fuertes.<\/p>\n\n\n\n<p>Se estima que estas personas estuvieron presuntamente relacionadas con la detonaci\u00f3n de explosivos el pasado 30 de junio en Coronango, en donde dos elementos de la Secretar\u00eda de Seguridad P\u00fablica (SSP) resultaron heridos de gravedad mientras participaban en diligencias para encontrar restos humanos.<\/p>\n\n\n\n<p>Este incidente fue publicitado por el grupo criminal a trav\u00e9s de un comunicado que difundieron en redes sociales, a trav\u00e9s del cual declararon ser responsables de esto. Pese a ello, en este indicaron que no pretend\u00eda atacar a ning\u00fan polic\u00eda, sino al criminal recientemente arrestado, Gustavo Gonz\u00e1lez Zapata, alias \u201cEl Sauce\u201d.<\/p>\n","protected":false},"excerpt":{"rendered":"<p>La madrugada del 17 de julio tras un operativo de seguridad realizado en la Colonia Santa Luc\u00eda, ubicada en el sur de la capital poblana, autoridades dieron a conocer que lograron detener a cinco presuntos integrantes del grupo criminal, afiliado al Cartel de Jalisco Nueva Generaci\u00f3n, conocido como \u201cLa Barredora\u201d.De acuerdo con lo reportado por [&hellip;]<\/p>\n","protected":false},"author":4,"featured_media":65272,"comment_status":"open","ping_status":"open","sticky":false,"template":"","format":"standard","meta":{"om_disable_all_campaigns":false,"_monsterinsights_skip_tracking":false,"_monsterinsights_sitenote_active":false,"_monsterinsights_sitenote_note":"","_monsterinsights_sitenote_category":0,"footnotes":""},"categories":[175,226],"tags":[223],"class_list":["post-65271","post","type-post","status-publish","format-standard","has-post-thumbnail","hentry","category-local","category-policia","tag-puebla"],"amp_enabled":true,"_links":{"self":[{"href":"https:\/\/lahora.mx\/index.php\/wp-json\/wp\/v2\/posts\/65271","targetHints":{"allow":["GET"]}}],"collection":[{"href":"https:\/\/lahora.mx\/index.php\/wp-json\/wp\/v2\/posts"}],"about":[{"href":"https:\/\/lahora.mx\/index.php\/wp-json\/wp\/v2\/types\/post"}],"author":[{"embeddable":true,"href":"https:\/\/lahora.mx\/index.php\/wp-json\/wp\/v2\/users\/4"}],"replies":[{"embeddable":true,"href":"https:\/\/lahora.mx\/index.php\/wp-json\/wp\/v2\/comments?post=65271"}],"version-history":[{"count":1,"href":"https:\/\/lahora.mx\/index.php\/wp-json\/wp\/v2\/posts\/65271\/revisions"}],"predecessor-version":[{"id":65273,"href":"https:\/\/lahora.mx\/index.php\/wp-json\/wp\/v2\/posts\/65271\/revisions\/65273"}],"wp:featuredmedia":[{"embeddable":true,"href":"https:\/\/lahora.mx\/index.php\/wp-json\/wp\/v2\/media\/65272"}],"wp:attachment":[{"href":"https:\/\/lahora.mx\/index.php\/wp-json\/wp\/v2\/media?parent=65271"}],"wp:term":[{"taxonomy":"category","embeddable":true,"href":"https:\/\/lahora.mx\/index.php\/wp-json\/wp\/v2\/categories?post=65271"},{"taxonomy":"post_tag","embeddable":true,"href":"https:\/\/lahora.mx\/index.php\/wp-json\/wp\/v2\/tags?post=65271"}],"curies":[{"name":"wp","href":"https:\/\/api.w.org\/{rel}","templated":true}]}}