{"id":65259,"date":"2025-07-17T21:24:10","date_gmt":"2025-07-17T21:24:10","guid":{"rendered":"https:\/\/lahora.mx\/?p=65259"},"modified":"2025-07-17T21:24:11","modified_gmt":"2025-07-17T21:24:11","slug":"anuncian-jornadas-migratorias-en-la-mixteca-pese-a-incertidumbre-en-eu","status":"publish","type":"post","link":"https:\/\/lahora.mx\/index.php\/2025\/07\/17\/anuncian-jornadas-migratorias-en-la-mixteca-pese-a-incertidumbre-en-eu\/","title":{"rendered":"Anuncian jornadas migratorias en la Mixteca pese a incertidumbre en EU"},"content":{"rendered":"\n<p>Axutla y Chila de la Sal, municipios de la regi\u00f3n Mixteca, emprendieron actividades dirigidas a la comunidad migrante, en un contexto de incertidumbre para los connacionales que residen en Estados Unidos tras la llegada de Donald Trump a la presidencia en enero de 2025.<\/p>\n\n\n\n<p>Ofrecer\u00e1n servicios como orientaci\u00f3n para migrantes en retorno, programas de emprendimiento, y tr\u00e1mites de pasaporte mexicano.<\/p>\n\n\n\n<p>En Axutla, el Ayuntamiento en coordinaci\u00f3n con el Club de Migrantes Ra\u00edces de Amor, puso en marcha el programa \u201cReunificando Familias\u201d. A trav\u00e9s de este, se convoca a personas mayores de 55 a\u00f1os que tengan familiares o hijos radicados en Estados Unidos a inscribirse para tramitar una visa especial destinada a adultos mayores, con el objetivo de facilitar el reencuentro con sus seres queridos en territorio estadounidense.<\/p>\n\n\n\n<p>Por su parte, el presidente municipal de Chila de la Sal, Fernando Amig\u00f3n Romero, anunci\u00f3 una serie de actividades en el marco de las festividades patronales de Santiago Ap\u00f3stol. El 22 de julio se celebrar\u00e1 una misa de acci\u00f3n de gracias en la parroquia del municipio, dirigida especialmente a migrantes que regresan temporalmente desde la Uni\u00f3n Americana.<\/p>\n\n\n\n<p>Adem\u00e1s, en coordinaci\u00f3n con la Casa del Migrante Red Jur\u00eddico Migratorio y el Instituto Poblano de Asistencia al Migrante (IPAM), se llevar\u00e1n a cabo jornadas de asesor\u00eda migratoria. Los servicios incluir\u00e1n orientaci\u00f3n para migrantes en retorno, programas de emprendimiento, tr\u00e1mites de pasaporte mexicano, renovaci\u00f3n de pasaporte estadounidense y procesos de solicitud de visa americana.<\/p>\n\n\n\n<p>Estas actividades se complementar\u00e1n con presentaciones culturales a cargo de j\u00f3venes de la Casa de Cultura \u201cXochiquetzal\u201d, as\u00ed como con el tradicional carnaval de la \u201cComparsa de Chinelos Santiaguito\u201d.<\/p>\n\n\n\n<p>Nuevas medidas sobre visado estadounidense<\/p>\n\n\n\n<p>La consultora migratoria Antolina Ben\u00edtez Hidalgo, originaria de Tepexco, difundi\u00f3 a trav\u00e9s de redes sociales una actualizaci\u00f3n sobre el nuevo proceso de entrega de visas por parte de la Embajada de Estados Unidos en M\u00e9xico, vigente desde el 14 de julio de 2025.<\/p>\n\n\n\n<p>\u201cA partir de esa fecha, la recolecci\u00f3n de visas seguir\u00e1 siendo gratuita en los Centros de Atenci\u00f3n al Solicitante (CAS). Sin embargo, si eliges recibir tu visa por paqueter\u00eda DHL, habr\u00e1 un costo adicional, excepto si tu cita en CAS fue antes del 14 de julio\u201d, explic\u00f3.<\/p>\n\n\n\n<p>Tambi\u00e9n se\u00f1al\u00f3 que la entrega a domicilio solo estar\u00e1 disponible en ciertas zonas geogr\u00e1ficas y tendr\u00e1 un precio m\u00e1s elevado. Se recomienda a los solicitantes revisar detenidamente sus opciones en la p\u00e1gina oficial.<\/p>\n","protected":false},"excerpt":{"rendered":"<p>Axutla y Chila de la Sal, municipios de la regi\u00f3n Mixteca, emprendieron actividades dirigidas a la comunidad migrante, en un contexto de incertidumbre para los connacionales que residen en Estados Unidos tras la llegada de Donald Trump a la presidencia en enero de 2025. Ofrecer\u00e1n servicios como orientaci\u00f3n para migrantes en retorno, programas de emprendimiento, [&hellip;]<\/p>\n","protected":false},"author":4,"featured_media":65260,"comment_status":"open","ping_status":"open","sticky":false,"template":"","format":"standard","meta":{"om_disable_all_campaigns":false,"_monsterinsights_skip_tracking":false,"_monsterinsights_sitenote_active":false,"_monsterinsights_sitenote_note":"","_monsterinsights_sitenote_category":0,"footnotes":""},"categories":[176],"tags":[223],"class_list":["post-65259","post","type-post","status-publish","format-standard","has-post-thumbnail","hentry","category-nacional","tag-puebla"],"amp_enabled":true,"_links":{"self":[{"href":"https:\/\/lahora.mx\/index.php\/wp-json\/wp\/v2\/posts\/65259","targetHints":{"allow":["GET"]}}],"collection":[{"href":"https:\/\/lahora.mx\/index.php\/wp-json\/wp\/v2\/posts"}],"about":[{"href":"https:\/\/lahora.mx\/index.php\/wp-json\/wp\/v2\/types\/post"}],"author":[{"embeddable":true,"href":"https:\/\/lahora.mx\/index.php\/wp-json\/wp\/v2\/users\/4"}],"replies":[{"embeddable":true,"href":"https:\/\/lahora.mx\/index.php\/wp-json\/wp\/v2\/comments?post=65259"}],"version-history":[{"count":1,"href":"https:\/\/lahora.mx\/index.php\/wp-json\/wp\/v2\/posts\/65259\/revisions"}],"predecessor-version":[{"id":65261,"href":"https:\/\/lahora.mx\/index.php\/wp-json\/wp\/v2\/posts\/65259\/revisions\/65261"}],"wp:featuredmedia":[{"embeddable":true,"href":"https:\/\/lahora.mx\/index.php\/wp-json\/wp\/v2\/media\/65260"}],"wp:attachment":[{"href":"https:\/\/lahora.mx\/index.php\/wp-json\/wp\/v2\/media?parent=65259"}],"wp:term":[{"taxonomy":"category","embeddable":true,"href":"https:\/\/lahora.mx\/index.php\/wp-json\/wp\/v2\/categories?post=65259"},{"taxonomy":"post_tag","embeddable":true,"href":"https:\/\/lahora.mx\/index.php\/wp-json\/wp\/v2\/tags?post=65259"}],"curies":[{"name":"wp","href":"https:\/\/api.w.org\/{rel}","templated":true}]}}