{"id":65250,"date":"2025-07-17T16:56:39","date_gmt":"2025-07-17T16:56:39","guid":{"rendered":"https:\/\/lahora.mx\/?p=65250"},"modified":"2025-07-17T16:56:40","modified_gmt":"2025-07-17T16:56:40","slug":"puebla-firma-convenio-con-robsys-para-apoyar-incubadoras-universitarias","status":"publish","type":"post","link":"https:\/\/lahora.mx\/index.php\/2025\/07\/17\/puebla-firma-convenio-con-robsys-para-apoyar-incubadoras-universitarias\/","title":{"rendered":"Puebla firma convenio con ROBSYS para apoyar incubadoras universitarias"},"content":{"rendered":"\n<p>Con el objetivo de consolidar un modelo integral de emprendimiento e innovaci\u00f3n en el estado, el gobierno de Alejandro Armenta, a trav\u00e9s de la Secretar\u00eda de Desarrollo Econ\u00f3mico y Trabajo (SEDETRA), firm\u00f3 un convenio de colaboraci\u00f3n con la plataforma Campus Emprendedor del startup ROBSYS mediante el cual se apoya a empresas generadas en las incubadoras universitarias.<br><br>En el marco de la firma de este convenio, el titular de SEDETRA, V\u00edctor Gabriel Chedraui, explic\u00f3 que con este acuerdo se coloca al talento poblano en el centro de la pol\u00edtica p\u00fablica y es una acci\u00f3n que fortalece el ecosistema emprendedor mediante acompa\u00f1amiento, capacitaci\u00f3n y nuevas estructuras de modelos de negocio viables y sostenibles. Afirm\u00f3 que, en una primera etapa, se buscar\u00e1 identificar y respaldar proyectos de alto impacto para fomentar el crecimiento econ\u00f3mico regional y nacional desde las ideas transformadoras de j\u00f3venes emprendedores.<\/p>\n\n\n\n<p>Previo a la firma del convenio se reconoci\u00f3 la destacada participaci\u00f3n de tres startups poblanas que hoy representan a M\u00e9xico en competencias internacionales. Una de ellas es Econsciousness, reconocida por su enfoque de innovaci\u00f3n social en el dise\u00f1o de ba\u00f1os port\u00e1tiles con enfoque sustentable e inclusivo. Este startup obtuvo el segundo lugar en una convocatoria de la Embajada de los Estados Unidos en M\u00e9xico y ha sido distinguida por la Fundaci\u00f3n Wadhwani como una de los 10 startups m\u00e1s escalables del pa\u00eds, adem\u00e1s de contar con los distintivos \u201cHecho en M\u00e9xico\u201d y \u201cMade in M\u00e9xico\u201d.<\/p>\n\n\n\n<p>Tambi\u00e9n estuvieron presentes Mora Soluciones Biol\u00f3gicas, integrada por estudiantes de la Universidad Polit\u00e9cnica de Puebla, que recientemente gan\u00f3 el primer lugar nacional en la competencia ENACTUS M\u00e9xico 2025 y representar\u00e1 al pa\u00eds en el mundial de emprendimiento social en Bangkok, Tailandia. Asimismo, Introscrea, de la Universidad del Valle de M\u00e9xico campus Puebla, obtuvo el tercer lugar nacional en dicha competencia gracias a su propuesta de dise\u00f1o de mobiliario con pl\u00e1stico reciclado. Estos proyectos reflejan el talento, la creatividad y el compromiso del emprendimiento poblano con el desarrollo sostenible, la responsabilidad social y la transformaci\u00f3n econ\u00f3mica del estado.<\/p>\n\n\n\n<p>Al encuentro asistieron Juan Carlos Natale L\u00f3pez, coordinador general del Corredor Econ\u00f3mico del Bienestar Centro-Golfo de M\u00e9xico de la Secretar\u00eda de Econom\u00eda Federal; Julio Gonz\u00e1lez Jim\u00e9nez y Ernesto Gonz\u00e1lez Jim\u00e9nez fundadores de Campus Emprendedor; Oscar Hern\u00e1ndez Germ\u00e1n, rector de la Universidad Polit\u00e9cnica de Puebla y Alma Iris Garc\u00eda Guti\u00e9rrez, encargada de la direcci\u00f3n de vinculaci\u00f3n, difusi\u00f3n y extensi\u00f3n universitaria; Dania Marisel Miles Farf\u00e1n y Marco Antonio Almaz\u00e1n Jacquez directivos de Econsciousness; Lorelyne Karin Altamirano, directora de Educaci\u00f3n Superior, UVM Campus Puebla, Elizabeth Nolasco, coordinadora de incubadora de empresas y Alma Valeria Barrientos, estudiante de dise\u00f1o industrial, as\u00ed como M\u00f3nica Barrientos S\u00e1nchez, subsecretaria de Industria y Comercio y Marco Antonio Molina, director general de inteligencia empresarial y negocios de la SEDETRA.<\/p>\n","protected":false},"excerpt":{"rendered":"<p>Con el objetivo de consolidar un modelo integral de emprendimiento e innovaci\u00f3n en el estado, el gobierno de Alejandro Armenta, a trav\u00e9s de la Secretar\u00eda de Desarrollo Econ\u00f3mico y Trabajo (SEDETRA), firm\u00f3 un convenio de colaboraci\u00f3n con la plataforma Campus Emprendedor del startup ROBSYS mediante el cual se apoya a empresas generadas en las incubadoras [&hellip;]<\/p>\n","protected":false},"author":4,"featured_media":65251,"comment_status":"open","ping_status":"open","sticky":false,"template":"","format":"standard","meta":{"om_disable_all_campaigns":false,"_monsterinsights_skip_tracking":false,"_monsterinsights_sitenote_active":false,"_monsterinsights_sitenote_note":"","_monsterinsights_sitenote_category":0,"footnotes":""},"categories":[175,181],"tags":[223],"class_list":["post-65250","post","type-post","status-publish","format-standard","has-post-thumbnail","hentry","category-local","category-tech","tag-puebla"],"amp_enabled":true,"_links":{"self":[{"href":"https:\/\/lahora.mx\/index.php\/wp-json\/wp\/v2\/posts\/65250","targetHints":{"allow":["GET"]}}],"collection":[{"href":"https:\/\/lahora.mx\/index.php\/wp-json\/wp\/v2\/posts"}],"about":[{"href":"https:\/\/lahora.mx\/index.php\/wp-json\/wp\/v2\/types\/post"}],"author":[{"embeddable":true,"href":"https:\/\/lahora.mx\/index.php\/wp-json\/wp\/v2\/users\/4"}],"replies":[{"embeddable":true,"href":"https:\/\/lahora.mx\/index.php\/wp-json\/wp\/v2\/comments?post=65250"}],"version-history":[{"count":1,"href":"https:\/\/lahora.mx\/index.php\/wp-json\/wp\/v2\/posts\/65250\/revisions"}],"predecessor-version":[{"id":65252,"href":"https:\/\/lahora.mx\/index.php\/wp-json\/wp\/v2\/posts\/65250\/revisions\/65252"}],"wp:featuredmedia":[{"embeddable":true,"href":"https:\/\/lahora.mx\/index.php\/wp-json\/wp\/v2\/media\/65251"}],"wp:attachment":[{"href":"https:\/\/lahora.mx\/index.php\/wp-json\/wp\/v2\/media?parent=65250"}],"wp:term":[{"taxonomy":"category","embeddable":true,"href":"https:\/\/lahora.mx\/index.php\/wp-json\/wp\/v2\/categories?post=65250"},{"taxonomy":"post_tag","embeddable":true,"href":"https:\/\/lahora.mx\/index.php\/wp-json\/wp\/v2\/tags?post=65250"}],"curies":[{"name":"wp","href":"https:\/\/api.w.org\/{rel}","templated":true}]}}