{"id":65227,"date":"2025-07-16T22:45:08","date_gmt":"2025-07-16T22:45:08","guid":{"rendered":"https:\/\/lahora.mx\/?p=65227"},"modified":"2025-07-16T22:45:08","modified_gmt":"2025-07-16T22:45:08","slug":"brigadistas-poblanos-apoyaran-en-el-combate-de-incendios-forestales-en-canada","status":"publish","type":"post","link":"https:\/\/lahora.mx\/index.php\/2025\/07\/16\/brigadistas-poblanos-apoyaran-en-el-combate-de-incendios-forestales-en-canada\/","title":{"rendered":"Brigadistas poblanos apoyar\u00e1n en el combate de incendios forestales en Canad\u00e1"},"content":{"rendered":"\n<p>Ante los incendios forestales que afectan al menos a tres provincias de Canad\u00e1, tres brigadistas poblanos se sumar\u00e1n a la Misi\u00f3n Internacional de Apoyo en el combate a estos siniestros, inform\u00f3 la Secretar\u00eda de Medio Ambiente, Desarrollo Sustentable y Ordenamiento Territorial (Smadsot) estatal.<br><br>De acuerdo con la dependencia, los tres especialistas en manejo de fuego que volar\u00e1n pr\u00f3ximamente a ese pa\u00eds son: Idalitl Palomares Garc\u00eda, Carlos Rom\u00e1n Hern\u00e1ndez Tlacomulco y Eduardo Parraguire Rodr\u00edguez.<\/p>\n\n\n\n<p>Los brigadistas fueron elegidos por su preparaci\u00f3n t\u00e9cnica, experiencia y desempe\u00f1o en acciones de control de incendios. La designaci\u00f3n se hizo oficial el 13 de julio, de acuerdo con el oficio con folio CGCR-GMF-1342\/2025.<\/p>\n\n\n\n<p>Cada a\u00f1o, la Comisi\u00f3n Nacional Forestal (Conafor) emite una convocatoria dirigida a combatientes que tienen formaci\u00f3n especializada y capacidad para superar pruebas f\u00edsicas y t\u00e9cnicas rigurosas.<\/p>\n\n\n\n<p>De esta manera, Palomares Garc\u00eda, Hern\u00e1ndez Tlacomulco y Parraguire Rodr\u00edguez estar\u00e1n fuera de M\u00e9xico por aproximadamente un mes.<\/p>\n\n\n\n<p>Hasta el momento, m\u00e1s de 200 combatientes mexicanos se encuentran desplegados en distintas regiones de Canad\u00e1, de acuerdo con la Comisi\u00f3n Nacional Forestal.<\/p>\n","protected":false},"excerpt":{"rendered":"<p>Ante los incendios forestales que afectan al menos a tres provincias de Canad\u00e1, tres brigadistas poblanos se sumar\u00e1n a la Misi\u00f3n Internacional de Apoyo en el combate a estos siniestros, inform\u00f3 la Secretar\u00eda de Medio Ambiente, Desarrollo Sustentable y Ordenamiento Territorial (Smadsot) estatal. De acuerdo con la dependencia, los tres especialistas en manejo de fuego [&hellip;]<\/p>\n","protected":false},"author":4,"featured_media":65228,"comment_status":"open","ping_status":"open","sticky":false,"template":"","format":"standard","meta":{"om_disable_all_campaigns":false,"_monsterinsights_skip_tracking":false,"_monsterinsights_sitenote_active":false,"_monsterinsights_sitenote_note":"","_monsterinsights_sitenote_category":0,"footnotes":""},"categories":[3,175],"tags":[223],"class_list":["post-65227","post","type-post","status-publish","format-standard","has-post-thumbnail","hentry","category-entretenimiento","category-local","tag-puebla"],"amp_enabled":true,"_links":{"self":[{"href":"https:\/\/lahora.mx\/index.php\/wp-json\/wp\/v2\/posts\/65227","targetHints":{"allow":["GET"]}}],"collection":[{"href":"https:\/\/lahora.mx\/index.php\/wp-json\/wp\/v2\/posts"}],"about":[{"href":"https:\/\/lahora.mx\/index.php\/wp-json\/wp\/v2\/types\/post"}],"author":[{"embeddable":true,"href":"https:\/\/lahora.mx\/index.php\/wp-json\/wp\/v2\/users\/4"}],"replies":[{"embeddable":true,"href":"https:\/\/lahora.mx\/index.php\/wp-json\/wp\/v2\/comments?post=65227"}],"version-history":[{"count":1,"href":"https:\/\/lahora.mx\/index.php\/wp-json\/wp\/v2\/posts\/65227\/revisions"}],"predecessor-version":[{"id":65229,"href":"https:\/\/lahora.mx\/index.php\/wp-json\/wp\/v2\/posts\/65227\/revisions\/65229"}],"wp:featuredmedia":[{"embeddable":true,"href":"https:\/\/lahora.mx\/index.php\/wp-json\/wp\/v2\/media\/65228"}],"wp:attachment":[{"href":"https:\/\/lahora.mx\/index.php\/wp-json\/wp\/v2\/media?parent=65227"}],"wp:term":[{"taxonomy":"category","embeddable":true,"href":"https:\/\/lahora.mx\/index.php\/wp-json\/wp\/v2\/categories?post=65227"},{"taxonomy":"post_tag","embeddable":true,"href":"https:\/\/lahora.mx\/index.php\/wp-json\/wp\/v2\/tags?post=65227"}],"curies":[{"name":"wp","href":"https:\/\/api.w.org\/{rel}","templated":true}]}}