{"id":65221,"date":"2025-07-16T22:35:50","date_gmt":"2025-07-16T22:35:50","guid":{"rendered":"https:\/\/lahora.mx\/?p=65221"},"modified":"2025-07-16T22:35:51","modified_gmt":"2025-07-16T22:35:51","slug":"casi-se-van-a-los-golpes-choferes-del-transporte-publico-en-atlixco","status":"publish","type":"post","link":"https:\/\/lahora.mx\/index.php\/2025\/07\/16\/casi-se-van-a-los-golpes-choferes-del-transporte-publico-en-atlixco\/","title":{"rendered":"Casi se van a los golpes choferes del transporte p\u00fablico en Atlixco"},"content":{"rendered":"\n<p>En un ambiente cargado de tensi\u00f3n y alarma se desat\u00f3 una fuerte pol\u00e9mica este mi\u00e9rcoles en los l\u00edmites de Atlixco con Tochimilco, debido a un presunto altercado entre choferes del transporte p\u00fablico for\u00e1neo en la zona del crucero de Coyula, punto clave de conectividad regional.<br><br>Seg\u00fan versiones preliminares dos conductores de las rutas Atlixco-Tochimilco y Atlixco-Atzizihuac\u00e1n estuvieron a punto de llegar a los golpes tras una maniobra peligrosa la cual, seg\u00fan testigos, puso en riesgo no s\u00f3lo a los propios involucrados, tambi\u00e9n a los pasajeros a bordo.<\/p>\n\n\n\n<p>El supuesto enfrentamiento gener\u00f3 alarma entre usuarios y transe\u00fantes quienes observaron c\u00f3mo los conductores detuvieron sus unidades y se encararon con furia. Sin embargo, uno de los involucrados aclar\u00f3 horas despu\u00e9s: \u00abjam\u00e1s se lleg\u00f3 a los golpes\u201d.<\/p>\n\n\n\n<p>Aunque s\u00ed reconoci\u00f3 p\u00fablicamente una confrontaci\u00f3n verbal por una maniobra agresiva responsable de casi sacarlo de la carretera. Y de esta manera atentando contra su vida y la de sus pasajeros.<\/p>\n\n\n\n<p>Mantente al tanto de todas las noticias de Puebla y el mundo. Haz clic aqu\u00ed para seguir explorando nuestro portal.<\/p>\n","protected":false},"excerpt":{"rendered":"<p>En un ambiente cargado de tensi\u00f3n y alarma se desat\u00f3 una fuerte pol\u00e9mica este mi\u00e9rcoles en los l\u00edmites de Atlixco con Tochimilco, debido a un presunto altercado entre choferes del transporte p\u00fablico for\u00e1neo en la zona del crucero de Coyula, punto clave de conectividad regional. Seg\u00fan versiones preliminares dos conductores de las rutas Atlixco-Tochimilco y [&hellip;]<\/p>\n","protected":false},"author":4,"featured_media":65222,"comment_status":"open","ping_status":"open","sticky":false,"template":"","format":"standard","meta":{"om_disable_all_campaigns":false,"_monsterinsights_skip_tracking":false,"_monsterinsights_sitenote_active":false,"_monsterinsights_sitenote_note":"","_monsterinsights_sitenote_category":0,"footnotes":""},"categories":[175,226],"tags":[223],"class_list":["post-65221","post","type-post","status-publish","format-standard","has-post-thumbnail","hentry","category-local","category-policia","tag-puebla"],"amp_enabled":true,"_links":{"self":[{"href":"https:\/\/lahora.mx\/index.php\/wp-json\/wp\/v2\/posts\/65221","targetHints":{"allow":["GET"]}}],"collection":[{"href":"https:\/\/lahora.mx\/index.php\/wp-json\/wp\/v2\/posts"}],"about":[{"href":"https:\/\/lahora.mx\/index.php\/wp-json\/wp\/v2\/types\/post"}],"author":[{"embeddable":true,"href":"https:\/\/lahora.mx\/index.php\/wp-json\/wp\/v2\/users\/4"}],"replies":[{"embeddable":true,"href":"https:\/\/lahora.mx\/index.php\/wp-json\/wp\/v2\/comments?post=65221"}],"version-history":[{"count":1,"href":"https:\/\/lahora.mx\/index.php\/wp-json\/wp\/v2\/posts\/65221\/revisions"}],"predecessor-version":[{"id":65223,"href":"https:\/\/lahora.mx\/index.php\/wp-json\/wp\/v2\/posts\/65221\/revisions\/65223"}],"wp:featuredmedia":[{"embeddable":true,"href":"https:\/\/lahora.mx\/index.php\/wp-json\/wp\/v2\/media\/65222"}],"wp:attachment":[{"href":"https:\/\/lahora.mx\/index.php\/wp-json\/wp\/v2\/media?parent=65221"}],"wp:term":[{"taxonomy":"category","embeddable":true,"href":"https:\/\/lahora.mx\/index.php\/wp-json\/wp\/v2\/categories?post=65221"},{"taxonomy":"post_tag","embeddable":true,"href":"https:\/\/lahora.mx\/index.php\/wp-json\/wp\/v2\/tags?post=65221"}],"curies":[{"name":"wp","href":"https:\/\/api.w.org\/{rel}","templated":true}]}}