{"id":65214,"date":"2025-07-16T22:30:33","date_gmt":"2025-07-16T22:30:33","guid":{"rendered":"https:\/\/lahora.mx\/?p=65214"},"modified":"2025-07-16T22:30:34","modified_gmt":"2025-07-16T22:30:34","slug":"rehabilitan-calle-francisco-i-madero-en-concepcion-guadalupe","status":"publish","type":"post","link":"https:\/\/lahora.mx\/index.php\/2025\/07\/16\/rehabilitan-calle-francisco-i-madero-en-concepcion-guadalupe\/","title":{"rendered":"Rehabilitan calle Francisco I. Madero en Concepci\u00f3n Guadalupe"},"content":{"rendered":"\n<p>Como parte de la estrategia de mantenimiento permanente de vialidades en el municipio de San Andr\u00e9s Cholula, la alcaldesa Guadalupe Cuautle Torres dio el banderazo de inicio a la rehabilitaci\u00f3n de la calle Francisco I. Madero, ubicada en la colonia Concepci\u00f3n Guadalupe.<\/p>\n\n\n\n<p>Durante el acto, la edil entreg\u00f3 el expediente simplificado de la obra al comit\u00e9 ciudadano, subrayando que este tipo de intervenciones son parte del compromiso asumido para mejorar los servicios b\u00e1sicos y fortalecer la infraestructura urbana.<\/p>\n\n\n\n<p>Esta obra se enmarca dentro de los 40 proyectos de infraestructura programados desde el segundo trimestre del a\u00f1o.<\/p>\n\n\n\n<p>Cuautle Torres explic\u00f3 que todas las obras se ejecutan bajo una planeaci\u00f3n estrat\u00e9gica, que toma en cuenta tanto las necesidades de la poblaci\u00f3n como las condiciones t\u00e9cnicas de cada zona.<\/p>\n\n\n\n<p>En el caso espec\u00edfico de esta vialidad, destac\u00f3 que se evaluaron aspectos como drenaje y desag\u00fce pluvial para prevenir afectaciones a largo plazo y hacer un uso eficiente de los recursos p\u00fablicos.<\/p>\n\n\n\n<p>Por su parte, Edgar Perea Rojas, titular de la Secretar\u00eda de Infraestructura, inform\u00f3 que la obra contempla la rehabilitaci\u00f3n de m\u00e1s de mil 500 metros cuadrados con pavimento de concreto asf\u00e1ltico, adem\u00e1s de trabajos complementarios como la instalaci\u00f3n de guarniciones, banquetas, alumbrado p\u00fablico y se\u00f1al\u00e9tica horizontal y vertical.<\/p>\n\n\n\n<p>Con estas acciones, el gobierno de San Andr\u00e9s Cholula busca mejorar la movilidad urbana y garantizar una mejor conectividad para sus habitantes, reforzando al mismo tiempo la seguridad vial y el acceso a servicios de calidad.<\/p>\n","protected":false},"excerpt":{"rendered":"<p>Como parte de la estrategia de mantenimiento permanente de vialidades en el municipio de San Andr\u00e9s Cholula, la alcaldesa Guadalupe Cuautle Torres dio el banderazo de inicio a la rehabilitaci\u00f3n de la calle Francisco I. Madero, ubicada en la colonia Concepci\u00f3n Guadalupe. Durante el acto, la edil entreg\u00f3 el expediente simplificado de la obra al [&hellip;]<\/p>\n","protected":false},"author":4,"featured_media":65216,"comment_status":"open","ping_status":"open","sticky":false,"template":"","format":"standard","meta":{"om_disable_all_campaigns":false,"_monsterinsights_skip_tracking":false,"_monsterinsights_sitenote_active":false,"_monsterinsights_sitenote_note":"","_monsterinsights_sitenote_category":0,"footnotes":""},"categories":[175],"tags":[234,223],"class_list":["post-65214","post","type-post","status-publish","format-standard","has-post-thumbnail","hentry","category-local","tag-cholula","tag-puebla"],"amp_enabled":true,"_links":{"self":[{"href":"https:\/\/lahora.mx\/index.php\/wp-json\/wp\/v2\/posts\/65214","targetHints":{"allow":["GET"]}}],"collection":[{"href":"https:\/\/lahora.mx\/index.php\/wp-json\/wp\/v2\/posts"}],"about":[{"href":"https:\/\/lahora.mx\/index.php\/wp-json\/wp\/v2\/types\/post"}],"author":[{"embeddable":true,"href":"https:\/\/lahora.mx\/index.php\/wp-json\/wp\/v2\/users\/4"}],"replies":[{"embeddable":true,"href":"https:\/\/lahora.mx\/index.php\/wp-json\/wp\/v2\/comments?post=65214"}],"version-history":[{"count":1,"href":"https:\/\/lahora.mx\/index.php\/wp-json\/wp\/v2\/posts\/65214\/revisions"}],"predecessor-version":[{"id":65217,"href":"https:\/\/lahora.mx\/index.php\/wp-json\/wp\/v2\/posts\/65214\/revisions\/65217"}],"wp:featuredmedia":[{"embeddable":true,"href":"https:\/\/lahora.mx\/index.php\/wp-json\/wp\/v2\/media\/65216"}],"wp:attachment":[{"href":"https:\/\/lahora.mx\/index.php\/wp-json\/wp\/v2\/media?parent=65214"}],"wp:term":[{"taxonomy":"category","embeddable":true,"href":"https:\/\/lahora.mx\/index.php\/wp-json\/wp\/v2\/categories?post=65214"},{"taxonomy":"post_tag","embeddable":true,"href":"https:\/\/lahora.mx\/index.php\/wp-json\/wp\/v2\/tags?post=65214"}],"curies":[{"name":"wp","href":"https:\/\/api.w.org\/{rel}","templated":true}]}}