{"id":65213,"date":"2025-07-16T22:34:36","date_gmt":"2025-07-16T22:34:36","guid":{"rendered":"https:\/\/lahora.mx\/?p=65213"},"modified":"2025-07-16T22:34:37","modified_gmt":"2025-07-16T22:34:37","slug":"trafico-colapsa-autopista-mexico-puebla-por-obras-en-xoxtla","status":"publish","type":"post","link":"https:\/\/lahora.mx\/index.php\/2025\/07\/16\/trafico-colapsa-autopista-mexico-puebla-por-obras-en-xoxtla\/","title":{"rendered":"Tr\u00e1fico colapsa autopista M\u00e9xico-Puebla por obras en Xoxtla"},"content":{"rendered":"\n<p>Las obras de mantenimiento en la autopista M\u00e9xico-Puebla, a la altura del municipio de Xoxtla y con sentido a la ciudad de Puebla, han provocado una fila de aproximadamente 20 kil\u00f3metros de veh\u00edculos, que gener\u00f3 caos vial y molestia entre automovilistas que buscan llegar a tiempo a sus destinos.<\/p>\n\n\n\n<p>Este mi\u00e9rcoles, cientos de autom\u00f3viles particulares, unidades de transporte y veh\u00edculos de carga reportaron tr\u00e1fico intenso, debido a la reducci\u00f3n de carriles en esta zona. El congestionamiento inicia despu\u00e9s de las casetas de cobro de San Mart\u00edn Texmelucan, prolong\u00e1ndose por varios kil\u00f3metros.<\/p>\n\n\n\n<p>Ante esta situaci\u00f3n, varios automovilistas han comenzado a utilizar como v\u00edas alternas la autopista Arco Poniente y la carretera federal M\u00e9xico-Puebla, con el fin de evitar la larga espera y p\u00e9rdida de tiempo.<\/p>\n\n\n\n<p>Los usuarios de esta v\u00eda se dijeron inconformes, ya que, pese a que se trata de una de las carreteras m\u00e1s importantes del pa\u00eds \u2014al conectar la capital mexicana con los estados del sureste\u2014, Caminos y Puentes Federales (CAPUFE) no emiti\u00f3 ninguna advertencia sobre esta afectaci\u00f3n vial.<\/p>\n\n\n\n<p>En redes sociales y grupos de tr\u00e1nsito, se pidi\u00f3 a la ciudadan\u00eda tomar precauciones, salir con anticipaci\u00f3n o buscar rutas alternas si es necesario circular por esta zona.<\/p>\n","protected":false},"excerpt":{"rendered":"<p>Las obras de mantenimiento en la autopista M\u00e9xico-Puebla, a la altura del municipio de Xoxtla y con sentido a la ciudad de Puebla, han provocado una fila de aproximadamente 20 kil\u00f3metros de veh\u00edculos, que gener\u00f3 caos vial y molestia entre automovilistas que buscan llegar a tiempo a sus destinos. Este mi\u00e9rcoles, cientos de autom\u00f3viles particulares, [&hellip;]<\/p>\n","protected":false},"author":4,"featured_media":65219,"comment_status":"open","ping_status":"open","sticky":false,"template":"","format":"standard","meta":{"om_disable_all_campaigns":false,"_monsterinsights_skip_tracking":false,"_monsterinsights_sitenote_active":false,"_monsterinsights_sitenote_note":"","_monsterinsights_sitenote_category":0,"footnotes":""},"categories":[175],"tags":[223],"class_list":["post-65213","post","type-post","status-publish","format-standard","has-post-thumbnail","hentry","category-local","tag-puebla"],"amp_enabled":true,"_links":{"self":[{"href":"https:\/\/lahora.mx\/index.php\/wp-json\/wp\/v2\/posts\/65213","targetHints":{"allow":["GET"]}}],"collection":[{"href":"https:\/\/lahora.mx\/index.php\/wp-json\/wp\/v2\/posts"}],"about":[{"href":"https:\/\/lahora.mx\/index.php\/wp-json\/wp\/v2\/types\/post"}],"author":[{"embeddable":true,"href":"https:\/\/lahora.mx\/index.php\/wp-json\/wp\/v2\/users\/4"}],"replies":[{"embeddable":true,"href":"https:\/\/lahora.mx\/index.php\/wp-json\/wp\/v2\/comments?post=65213"}],"version-history":[{"count":1,"href":"https:\/\/lahora.mx\/index.php\/wp-json\/wp\/v2\/posts\/65213\/revisions"}],"predecessor-version":[{"id":65220,"href":"https:\/\/lahora.mx\/index.php\/wp-json\/wp\/v2\/posts\/65213\/revisions\/65220"}],"wp:featuredmedia":[{"embeddable":true,"href":"https:\/\/lahora.mx\/index.php\/wp-json\/wp\/v2\/media\/65219"}],"wp:attachment":[{"href":"https:\/\/lahora.mx\/index.php\/wp-json\/wp\/v2\/media?parent=65213"}],"wp:term":[{"taxonomy":"category","embeddable":true,"href":"https:\/\/lahora.mx\/index.php\/wp-json\/wp\/v2\/categories?post=65213"},{"taxonomy":"post_tag","embeddable":true,"href":"https:\/\/lahora.mx\/index.php\/wp-json\/wp\/v2\/tags?post=65213"}],"curies":[{"name":"wp","href":"https:\/\/api.w.org\/{rel}","templated":true}]}}