{"id":65205,"date":"2025-07-16T22:25:10","date_gmt":"2025-07-16T22:25:10","guid":{"rendered":"https:\/\/lahora.mx\/?p=65205"},"modified":"2025-07-16T22:25:11","modified_gmt":"2025-07-16T22:25:11","slug":"puebla-sede-de-la-presentacion-nacional-de-nombrando-y-contando-al-mundo-2025","status":"publish","type":"post","link":"https:\/\/lahora.mx\/index.php\/2025\/07\/16\/puebla-sede-de-la-presentacion-nacional-de-nombrando-y-contando-al-mundo-2025\/","title":{"rendered":"Puebla, sede de la Presentaci\u00f3n Nacional de Nombrando y Contando al Mundo 2025"},"content":{"rendered":"\n<p>Con el compromiso de que en Puebla y en M\u00e9xico se levante la bandera blanca y la declaratoria como territorio libre de analfabetismo, el director general del Instituto Nacional de Educaci\u00f3n para Adultos (INEA), Arturo Contreras Castillo, encabez\u00f3 junto al secretario de Gobernaci\u00f3n, Samuel Aguilar Pala, la presentaci\u00f3n Nacional del M\u00f3dulo \u201cNombrando y Contando al Mundo 2025\u201d.<\/p>\n\n\n\n<p>El material educativo elaborado por el INEA, el cual forma parte de la estrategia nacional \u201cAlfabetizaci\u00f3n para el Bienestar\u201d, impulsada por la presidenta de M\u00e9xico, Claudia Sheinbaum, garantiza el acceso equitativo a la educaci\u00f3n incluyente y efectiva para todas y todos.<\/p>\n\n\n\n<p>El director nacional del INEA reconoci\u00f3 la generosidad del gobernador, Alejandro Armenta, quien desde que se le plante\u00f3 el compromiso de la presidenta de M\u00e9xico con el rezago educativo, mostr\u00f3 total apoyo y no hay duda alguna de que en Puebla se tendr\u00e1n grandes avances en el proceso de alfabetizaci\u00f3n. \u00abLo decimos fuerte y claro, con ustedes compa\u00f1eros y compa\u00f1eras de todos los estados de la Rep\u00fablica, vamos a lograr la bandera blanca y vamos a lograr la declaratoria de M\u00e9xico como territorio libre de analfabetismo\u00bb.<\/p>\n\n\n\n<p>El funcionario federal resalt\u00f3 que trabajaron en la integraci\u00f3n de dicho material para tener una herramienta \u00fatil, \u00e1gil y viable e iniciar el proceso ense\u00f1anza aprendizaje de las m\u00e1s de 4 millones de personas que a\u00fan no saben leer y escribir en el pa\u00eds. Explic\u00f3 que, con el nuevo modelo, en cuatro meses lograr\u00e1n que las personas aprendan a escribir su nombre, leer peque\u00f1os textos y redactar un mensaje, con ello se cumplir\u00e1n los est\u00e1ndares internacionales, para dar una constancia a una persona alfabetizada.<\/p>\n\n\n\n<p>En representaci\u00f3n del gobernador de Puebla, Alejandro Armenta, el secretario de Gobernaci\u00f3n, Samuel Aguilar Pala y en presencia de representantes de institutos de las 32 entidades federativas, llevaron a cabo dicho lanzamiento, para fortalecer la educaci\u00f3n de j\u00f3venes y adultos que no tuvieron la oportunidad de concluir su formaci\u00f3n b\u00e1sica y as\u00ed combatir el analfabetismo en M\u00e9xico.<\/p>\n\n\n\n<p>Afirm\u00f3 que con el nuevo M\u00f3dulo Educativo que se present\u00f3, el gobierno de Puebla que encabeza Alejandro Armenta tiene el gran compromiso de impulsarlo, a fin de sacar adelante a las m\u00e1s de 300 mil personas analfabetas que tiene la entidad. \u00abJunto con el gobernador Alejandro Armenta sacaremos este programa adelante\u00bb, apunt\u00f3.<\/p>\n\n\n\n<p>En su intervenci\u00f3n, el director general del Instituto Estatal de Educaci\u00f3n para Adultos, Andr\u00e9s Morales Zayas, subray\u00f3 que los insumos educativos son una herramienta poderosa para las personas que no aprendieron a leer o escribir. Con ello se cumple con el llamado de la presidenta de M\u00e9xico, Claudia Sheinbaum y del gobernador Alejandro Armenta, de trabajar para reducir los \u00edndices de rezago educativo que existen en el pa\u00eds y en el estado, ya que la educaci\u00f3n para j\u00f3venes y adultos es tarea de todos.<\/p>\n","protected":false},"excerpt":{"rendered":"<p>Con el compromiso de que en Puebla y en M\u00e9xico se levante la bandera blanca y la declaratoria como territorio libre de analfabetismo, el director general del Instituto Nacional de Educaci\u00f3n para Adultos (INEA), Arturo Contreras Castillo, encabez\u00f3 junto al secretario de Gobernaci\u00f3n, Samuel Aguilar Pala, la presentaci\u00f3n Nacional del M\u00f3dulo \u201cNombrando y Contando al [&hellip;]<\/p>\n","protected":false},"author":4,"featured_media":65206,"comment_status":"open","ping_status":"open","sticky":false,"template":"","format":"standard","meta":{"om_disable_all_campaigns":false,"_monsterinsights_skip_tracking":false,"_monsterinsights_sitenote_active":false,"_monsterinsights_sitenote_note":"","_monsterinsights_sitenote_category":0,"footnotes":""},"categories":[3,175],"tags":[223],"class_list":["post-65205","post","type-post","status-publish","format-standard","has-post-thumbnail","hentry","category-entretenimiento","category-local","tag-puebla"],"amp_enabled":true,"_links":{"self":[{"href":"https:\/\/lahora.mx\/index.php\/wp-json\/wp\/v2\/posts\/65205","targetHints":{"allow":["GET"]}}],"collection":[{"href":"https:\/\/lahora.mx\/index.php\/wp-json\/wp\/v2\/posts"}],"about":[{"href":"https:\/\/lahora.mx\/index.php\/wp-json\/wp\/v2\/types\/post"}],"author":[{"embeddable":true,"href":"https:\/\/lahora.mx\/index.php\/wp-json\/wp\/v2\/users\/4"}],"replies":[{"embeddable":true,"href":"https:\/\/lahora.mx\/index.php\/wp-json\/wp\/v2\/comments?post=65205"}],"version-history":[{"count":1,"href":"https:\/\/lahora.mx\/index.php\/wp-json\/wp\/v2\/posts\/65205\/revisions"}],"predecessor-version":[{"id":65207,"href":"https:\/\/lahora.mx\/index.php\/wp-json\/wp\/v2\/posts\/65205\/revisions\/65207"}],"wp:featuredmedia":[{"embeddable":true,"href":"https:\/\/lahora.mx\/index.php\/wp-json\/wp\/v2\/media\/65206"}],"wp:attachment":[{"href":"https:\/\/lahora.mx\/index.php\/wp-json\/wp\/v2\/media?parent=65205"}],"wp:term":[{"taxonomy":"category","embeddable":true,"href":"https:\/\/lahora.mx\/index.php\/wp-json\/wp\/v2\/categories?post=65205"},{"taxonomy":"post_tag","embeddable":true,"href":"https:\/\/lahora.mx\/index.php\/wp-json\/wp\/v2\/tags?post=65205"}],"curies":[{"name":"wp","href":"https:\/\/api.w.org\/{rel}","templated":true}]}}