{"id":65204,"date":"2025-07-16T22:27:51","date_gmt":"2025-07-16T22:27:51","guid":{"rendered":"https:\/\/lahora.mx\/?p=65204"},"modified":"2025-07-16T22:56:25","modified_gmt":"2025-07-16T22:56:25","slug":"lo-imaginable-ocurre-en-tomorrowland-se-incendia-a-un-dia-de-la-ignaguracion","status":"publish","type":"post","link":"https:\/\/lahora.mx\/index.php\/2025\/07\/16\/lo-imaginable-ocurre-en-tomorrowland-se-incendia-a-un-dia-de-la-ignaguracion\/","title":{"rendered":"Lo imaginable ocurre en Tomorrowland; se incendia a un d\u00eda de la ignaguraci\u00f3n"},"content":{"rendered":"\n<p>Este mi\u00e9rcoles se desat\u00f3\u00a0<strong>un incendio en el escenario principal del Festival Tomorrowland, uno de los m\u00e1s importantes del mundo en m\u00fasica electr\u00f3nica,\u00a0<\/strong>a un d\u00eda de su inauguraci\u00f3n en la ciudad de Boom, B\u00e9lgica.<br><br>El fuego consumi\u00f3 gran parte del set esc\u00e9nico, ante esto los servicios de emergencia acudieron de inmediato y actuaron para contener el incidente.<\/p>\n\n\n\n<p>\u201cEn estos momentos no hay asistentes al festival, aunque se cree que hay varios empleados en el lugar realizando tareas de instalaci\u00f3n\u201d, se\u00f1alaron medios locales, confirmando que el lugar no estaba abierto a\u00fan al p\u00fablico general, lo que evit\u00f3 da\u00f1os personales.<\/p>\n\n\n\n<p>A\u00fan no se confirma la causa del accidente, sin embargo, las autoridades han iniciado una investigaci\u00f3n preliminar para determinar el origen. El fuego se habr\u00eda originado en una de las estructuras decorativas del escenario, aunque esta versi\u00f3n a\u00fan no ha sido corroborada por los organizadores.<\/p>\n\n\n\n<p>Por su parte el festival confirm\u00f3 que nadie result\u00f3 herido durante el incidente, que se mantendr\u00e1n las actividades planificadas, a pesar de que se da\u00f1\u00f3 el escenario principal.<\/p>\n\n\n\n<p>Tomorrowland es un evento de escala internacional que atrae a cientos de miles de asistentes cada a\u00f1o. La edici\u00f3n de 2024 congreg\u00f3 a m\u00e1s de 400 mil personas, consolidando su reputaci\u00f3n como uno de los festivales de m\u00fasica electr\u00f3nica m\u00e1s concurridos del planeta. Desde su primera edici\u00f3n en 2005, ha ganado prestigio global por su despliegue t\u00e9cnico, escenograf\u00edas espectaculares y cartel de artistas de renombre mundial.<\/p>\n\n\n\n<p>Autoridades de Boom continuar\u00e1n monitoreando el lugar, junto a los organizadores para garantizar la seguridad de todos los participantes.<\/p>\n\n\n\n<p>Cabe mencionar que Tomorrowland ha enfrentado desaf\u00edos log\u00edsticos en el pasado, incluidos cambios por condiciones meteorol\u00f3gicas y restricciones sanitarias durante la pandemia, pero nunca antes se hab\u00eda reportado un incidente de esta magnitud relacionado con fuego.<\/p>\n","protected":false},"excerpt":{"rendered":"<p>Este mi\u00e9rcoles se desat\u00f3\u00a0un incendio en el escenario principal del Festival Tomorrowland, uno de los m\u00e1s importantes del mundo en m\u00fasica electr\u00f3nica,\u00a0a un d\u00eda de su inauguraci\u00f3n en la ciudad de Boom, B\u00e9lgica. El fuego consumi\u00f3 gran parte del set esc\u00e9nico, ante esto los servicios de emergencia acudieron de inmediato y actuaron para contener el [&hellip;]<\/p>\n","protected":false},"author":4,"featured_media":65233,"comment_status":"open","ping_status":"open","sticky":false,"template":"","format":"standard","meta":{"om_disable_all_campaigns":false,"_monsterinsights_skip_tracking":false,"_monsterinsights_sitenote_active":false,"_monsterinsights_sitenote_note":"","_monsterinsights_sitenote_category":0,"footnotes":""},"categories":[3],"tags":[],"class_list":["post-65204","post","type-post","status-publish","format-standard","has-post-thumbnail","hentry","category-entretenimiento"],"amp_enabled":true,"_links":{"self":[{"href":"https:\/\/lahora.mx\/index.php\/wp-json\/wp\/v2\/posts\/65204","targetHints":{"allow":["GET"]}}],"collection":[{"href":"https:\/\/lahora.mx\/index.php\/wp-json\/wp\/v2\/posts"}],"about":[{"href":"https:\/\/lahora.mx\/index.php\/wp-json\/wp\/v2\/types\/post"}],"author":[{"embeddable":true,"href":"https:\/\/lahora.mx\/index.php\/wp-json\/wp\/v2\/users\/4"}],"replies":[{"embeddable":true,"href":"https:\/\/lahora.mx\/index.php\/wp-json\/wp\/v2\/comments?post=65204"}],"version-history":[{"count":1,"href":"https:\/\/lahora.mx\/index.php\/wp-json\/wp\/v2\/posts\/65204\/revisions"}],"predecessor-version":[{"id":65209,"href":"https:\/\/lahora.mx\/index.php\/wp-json\/wp\/v2\/posts\/65204\/revisions\/65209"}],"wp:featuredmedia":[{"embeddable":true,"href":"https:\/\/lahora.mx\/index.php\/wp-json\/wp\/v2\/media\/65233"}],"wp:attachment":[{"href":"https:\/\/lahora.mx\/index.php\/wp-json\/wp\/v2\/media?parent=65204"}],"wp:term":[{"taxonomy":"category","embeddable":true,"href":"https:\/\/lahora.mx\/index.php\/wp-json\/wp\/v2\/categories?post=65204"},{"taxonomy":"post_tag","embeddable":true,"href":"https:\/\/lahora.mx\/index.php\/wp-json\/wp\/v2\/tags?post=65204"}],"curies":[{"name":"wp","href":"https:\/\/api.w.org\/{rel}","templated":true}]}}