{"id":65197,"date":"2025-07-16T22:21:10","date_gmt":"2025-07-16T22:21:10","guid":{"rendered":"https:\/\/lahora.mx\/?p=65197"},"modified":"2025-07-16T22:21:11","modified_gmt":"2025-07-16T22:21:11","slug":"balean-a-exalumna-del-cobaep-afuera-del-plantel-en-san-jeronimo-caleras","status":"publish","type":"post","link":"https:\/\/lahora.mx\/index.php\/2025\/07\/16\/balean-a-exalumna-del-cobaep-afuera-del-plantel-en-san-jeronimo-caleras\/","title":{"rendered":"Balean a exalumna del Cobaep afuera del plantel en San Jer\u00f3nimo Caleras"},"content":{"rendered":"\n<p>Balearon a una mujer a las afueras del Colegio de Bachilleres del Estado de Puebla (Cobaep), plantel 3, ubicado en San Jer\u00f3nimo Caleras, en la ciudad de Puebla.<\/p>\n\n\n\n<p>La mujer a la que extraoficialmente se le identific\u00f3 como Gabriela muri\u00f3 por los disparos.<\/p>\n\n\n\n<p>Los hechos ocurrieron esta tarde sobre la calle Ricardo Flores Mag\u00f3n, donde se localizan tanto el Cobaep como el Centro Escolar Gregorio de Gante.<\/p>\n\n\n\n<p>Primeros reportes indicaron que la occisa ser\u00eda una exalumna del Cobaep que acudi\u00f3 a la instituci\u00f3n a tramitar un certificado de estudios.<\/p>\n\n\n\n<p>Testigos se\u00f1alaron que la mujer sali\u00f3 del plantel cuando la intercept\u00f3 por un hombre en motocicleta, quien sin m\u00e1s le dispar\u00f3 al menos cinco veces.<\/p>\n\n\n\n<p>El responsable se dio a la fuga. Vecinos de la zona alertaron a las autoridades a trav\u00e9s del n\u00famero de emergencias 911.<\/p>\n\n\n\n<p>Al lugar acudieron elementos de la Secretar\u00eda de Seguridad Ciudadana (SSC) del municipio, as\u00ed como param\u00e9dicos del Sistema de Urgencias M\u00e9dicas Avanzadas (SUMA).<\/p>\n\n\n\n<p>Estos \u00faltimos confirmaron que la mujer ya no presentaba signos vitales. Minutos m\u00e1s tarde, personal de la Fiscal\u00eda General del Estado (FGE) realiz\u00f3 el levantamiento del cuerpo.<\/p>\n\n\n\n<p>Mediante un comunicado, el Colegio de Bachilleres inform\u00f3 que docentes y alumnos permanecen bajo resguardo en las instalaciones.<\/p>\n\n\n\n<p>Hasta el momento se desconoce el m\u00f3vil del ataque y la identidad de la v\u00edctima.<\/p>\n\n\n\n<p>En lo que va del mes de julio de 2025, seis personas fueron asesinadas en hechos violentos registrados en la ciudad de Puebla.<\/p>\n","protected":false},"excerpt":{"rendered":"<p>Balearon a una mujer a las afueras del Colegio de Bachilleres del Estado de Puebla (Cobaep), plantel 3, ubicado en San Jer\u00f3nimo Caleras, en la ciudad de Puebla. La mujer a la que extraoficialmente se le identific\u00f3 como Gabriela muri\u00f3 por los disparos. Los hechos ocurrieron esta tarde sobre la calle Ricardo Flores Mag\u00f3n, donde [&hellip;]<\/p>\n","protected":false},"author":4,"featured_media":65198,"comment_status":"open","ping_status":"open","sticky":false,"template":"","format":"standard","meta":{"om_disable_all_campaigns":false,"_monsterinsights_skip_tracking":false,"_monsterinsights_sitenote_active":false,"_monsterinsights_sitenote_note":"","_monsterinsights_sitenote_category":0,"footnotes":""},"categories":[175,226],"tags":[223],"class_list":["post-65197","post","type-post","status-publish","format-standard","has-post-thumbnail","hentry","category-local","category-policia","tag-puebla"],"amp_enabled":true,"_links":{"self":[{"href":"https:\/\/lahora.mx\/index.php\/wp-json\/wp\/v2\/posts\/65197","targetHints":{"allow":["GET"]}}],"collection":[{"href":"https:\/\/lahora.mx\/index.php\/wp-json\/wp\/v2\/posts"}],"about":[{"href":"https:\/\/lahora.mx\/index.php\/wp-json\/wp\/v2\/types\/post"}],"author":[{"embeddable":true,"href":"https:\/\/lahora.mx\/index.php\/wp-json\/wp\/v2\/users\/4"}],"replies":[{"embeddable":true,"href":"https:\/\/lahora.mx\/index.php\/wp-json\/wp\/v2\/comments?post=65197"}],"version-history":[{"count":1,"href":"https:\/\/lahora.mx\/index.php\/wp-json\/wp\/v2\/posts\/65197\/revisions"}],"predecessor-version":[{"id":65199,"href":"https:\/\/lahora.mx\/index.php\/wp-json\/wp\/v2\/posts\/65197\/revisions\/65199"}],"wp:featuredmedia":[{"embeddable":true,"href":"https:\/\/lahora.mx\/index.php\/wp-json\/wp\/v2\/media\/65198"}],"wp:attachment":[{"href":"https:\/\/lahora.mx\/index.php\/wp-json\/wp\/v2\/media?parent=65197"}],"wp:term":[{"taxonomy":"category","embeddable":true,"href":"https:\/\/lahora.mx\/index.php\/wp-json\/wp\/v2\/categories?post=65197"},{"taxonomy":"post_tag","embeddable":true,"href":"https:\/\/lahora.mx\/index.php\/wp-json\/wp\/v2\/tags?post=65197"}],"curies":[{"name":"wp","href":"https:\/\/api.w.org\/{rel}","templated":true}]}}