{"id":65195,"date":"2025-07-16T22:23:52","date_gmt":"2025-07-16T22:23:52","guid":{"rendered":"https:\/\/lahora.mx\/?p=65195"},"modified":"2025-07-16T22:23:53","modified_gmt":"2025-07-16T22:23:53","slug":"le-dan-45-anos-de-prision-a-juan-ramon-por-secuestro-expres-de-trailero-en-puebla","status":"publish","type":"post","link":"https:\/\/lahora.mx\/index.php\/2025\/07\/16\/le-dan-45-anos-de-prision-a-juan-ramon-por-secuestro-expres-de-trailero-en-puebla\/","title":{"rendered":"Le dan 45 a\u00f1os de prisi\u00f3n a Juan Ram\u00f3n por secuestro expr\u00e9s de trailero en Puebla"},"content":{"rendered":"\n<p><strong>La Fiscal\u00eda General del Estado de Puebla logr\u00f3 una sentencia de 45 a\u00f1os de prisi\u00f3n en contra de Juan Ram\u00f3n N., responsable del delito de secuestro expr\u00e9s.<\/strong><br><br>Los hechos ocurrieron el 18 de julio de 2023, cuando Juan Ram\u00f3n N., priv\u00f3 de la libertad al conductor de un tractocami\u00f3n marca Freightliner acoplado a una caja seca color blanco, que transportaba mercanc\u00eda diversa, a fin de desapoderarlo de la unidad.<\/p>\n\n\n\n<p>El delito se cometi\u00f3 sobre la autopista Puebla \u2013 Orizaba, a la altura del puente de la Resurrecci\u00f3n, de la ciudad de Puebla.<\/p>\n\n\n\n<p>Gracias a la intervenci\u00f3n oportuna de elementos policiales, se logr\u00f3 la liberaci\u00f3n de la v\u00edctima, as\u00ed como el aseguramiento del agresor quien portaba un arma de fuego.<\/p>\n\n\n\n<p>Con pruebas s\u00f3lidas presentadas por el agente del Ministerio P\u00fablico, el Tribunal de Enjuiciamiento dict\u00f3 una sentencia de 45 a\u00f1os de prisi\u00f3n en contra del responsable, adem\u00e1s de imponerle una multa superior a los 142 mil pesos y el pago de m\u00e1s de 103 mil pesos por concepto de reparaci\u00f3n del da\u00f1o moral.<\/p>\n","protected":false},"excerpt":{"rendered":"<p>La Fiscal\u00eda General del Estado de Puebla logr\u00f3 una sentencia de 45 a\u00f1os de prisi\u00f3n en contra de Juan Ram\u00f3n N., responsable del delito de secuestro expr\u00e9s. Los hechos ocurrieron el 18 de julio de 2023, cuando Juan Ram\u00f3n N., priv\u00f3 de la libertad al conductor de un tractocami\u00f3n marca Freightliner acoplado a una caja [&hellip;]<\/p>\n","protected":false},"author":4,"featured_media":65196,"comment_status":"open","ping_status":"open","sticky":false,"template":"","format":"standard","meta":{"om_disable_all_campaigns":false,"_monsterinsights_skip_tracking":false,"_monsterinsights_sitenote_active":false,"_monsterinsights_sitenote_note":"","_monsterinsights_sitenote_category":0,"footnotes":""},"categories":[175,226],"tags":[223],"class_list":["post-65195","post","type-post","status-publish","format-standard","has-post-thumbnail","hentry","category-local","category-policia","tag-puebla"],"amp_enabled":true,"_links":{"self":[{"href":"https:\/\/lahora.mx\/index.php\/wp-json\/wp\/v2\/posts\/65195","targetHints":{"allow":["GET"]}}],"collection":[{"href":"https:\/\/lahora.mx\/index.php\/wp-json\/wp\/v2\/posts"}],"about":[{"href":"https:\/\/lahora.mx\/index.php\/wp-json\/wp\/v2\/types\/post"}],"author":[{"embeddable":true,"href":"https:\/\/lahora.mx\/index.php\/wp-json\/wp\/v2\/users\/4"}],"replies":[{"embeddable":true,"href":"https:\/\/lahora.mx\/index.php\/wp-json\/wp\/v2\/comments?post=65195"}],"version-history":[{"count":1,"href":"https:\/\/lahora.mx\/index.php\/wp-json\/wp\/v2\/posts\/65195\/revisions"}],"predecessor-version":[{"id":65203,"href":"https:\/\/lahora.mx\/index.php\/wp-json\/wp\/v2\/posts\/65195\/revisions\/65203"}],"wp:featuredmedia":[{"embeddable":true,"href":"https:\/\/lahora.mx\/index.php\/wp-json\/wp\/v2\/media\/65196"}],"wp:attachment":[{"href":"https:\/\/lahora.mx\/index.php\/wp-json\/wp\/v2\/media?parent=65195"}],"wp:term":[{"taxonomy":"category","embeddable":true,"href":"https:\/\/lahora.mx\/index.php\/wp-json\/wp\/v2\/categories?post=65195"},{"taxonomy":"post_tag","embeddable":true,"href":"https:\/\/lahora.mx\/index.php\/wp-json\/wp\/v2\/tags?post=65195"}],"curies":[{"name":"wp","href":"https:\/\/api.w.org\/{rel}","templated":true}]}}