{"id":65189,"date":"2025-07-16T19:40:12","date_gmt":"2025-07-16T19:40:12","guid":{"rendered":"https:\/\/lahora.mx\/?p=65189"},"modified":"2025-07-16T19:40:12","modified_gmt":"2025-07-16T19:40:12","slug":"programas-y-acciones-del-gobierno-de-la-ciudad-llegaran-a-las-17-juntas-auxiliares-pepe-chedraui","status":"publish","type":"post","link":"https:\/\/lahora.mx\/index.php\/2025\/07\/16\/programas-y-acciones-del-gobierno-de-la-ciudad-llegaran-a-las-17-juntas-auxiliares-pepe-chedraui\/","title":{"rendered":"Programas y acciones del Gobierno de la Ciudad llegar\u00e1n a las 17 juntas auxiliares: Pepe Chedraui"},"content":{"rendered":"\n<p>Personal de Protecci\u00f3n Civil de la Secretar\u00eda de Seguridad Ciudadana (SSC) realiz\u00f3 acciones para la atenci\u00f3n de un reporte, para descartar riesgos para la poblaci\u00f3n, por la ca\u00edda de un \u00e1rbol derivado de la precipitaci\u00f3n pluvial, en la zona de Ciudad Universitaria,<\/p>\n\n\n\n<p>La atenci\u00f3n se brind\u00f3 de manera inmediata en el Bulevar Valsequillo frente a la Facultad de Contadur\u00eda de la BUAP, en Ciudad Universitaria, toda vez que el \u00e1rbol se desprendi\u00f3 del camell\u00f3n central e invadi\u00f3 parte de la vialidad.<\/p>\n\n\n\n<p>Con herramienta especializada fue seccionado el tronco, y se realiz\u00f3 la mitigaci\u00f3n de riesgos y se dej\u00f3 libre la vialidad para permitir la movilidad, adem\u00e1s de la seguridad de los transe\u00fantes, as\u00ed como automovilistas que transitan por esa zona.<\/p>\n\n\n\n<p>Posteriormente, personal de la Secretar\u00eda de Servicios P\u00fablicos, retir\u00f3 el desecho vegetal para dejar despejado el paso peatonal.<\/p>\n\n\n\n<p>Es importante mencionar que, al encontrarse en una emergencia, llame al n\u00famero de emergencias 911, con el objetivo de que el personal capacitado realice, con equipo especializado, las maniobras necesarias para atender el reporte.<\/p>\n","protected":false},"excerpt":{"rendered":"<p>Personal de Protecci\u00f3n Civil de la Secretar\u00eda de Seguridad Ciudadana (SSC) realiz\u00f3 acciones para la atenci\u00f3n de un reporte, para descartar riesgos para la poblaci\u00f3n, por la ca\u00edda de un \u00e1rbol derivado de la precipitaci\u00f3n pluvial, en la zona de Ciudad Universitaria, La atenci\u00f3n se brind\u00f3 de manera inmediata en el Bulevar Valsequillo frente a [&hellip;]<\/p>\n","protected":false},"author":4,"featured_media":65190,"comment_status":"open","ping_status":"open","sticky":false,"template":"","format":"standard","meta":{"om_disable_all_campaigns":false,"_monsterinsights_skip_tracking":false,"_monsterinsights_sitenote_active":false,"_monsterinsights_sitenote_note":"","_monsterinsights_sitenote_category":0,"footnotes":""},"categories":[175],"tags":[223],"class_list":["post-65189","post","type-post","status-publish","format-standard","has-post-thumbnail","hentry","category-local","tag-puebla"],"amp_enabled":true,"_links":{"self":[{"href":"https:\/\/lahora.mx\/index.php\/wp-json\/wp\/v2\/posts\/65189","targetHints":{"allow":["GET"]}}],"collection":[{"href":"https:\/\/lahora.mx\/index.php\/wp-json\/wp\/v2\/posts"}],"about":[{"href":"https:\/\/lahora.mx\/index.php\/wp-json\/wp\/v2\/types\/post"}],"author":[{"embeddable":true,"href":"https:\/\/lahora.mx\/index.php\/wp-json\/wp\/v2\/users\/4"}],"replies":[{"embeddable":true,"href":"https:\/\/lahora.mx\/index.php\/wp-json\/wp\/v2\/comments?post=65189"}],"version-history":[{"count":1,"href":"https:\/\/lahora.mx\/index.php\/wp-json\/wp\/v2\/posts\/65189\/revisions"}],"predecessor-version":[{"id":65191,"href":"https:\/\/lahora.mx\/index.php\/wp-json\/wp\/v2\/posts\/65189\/revisions\/65191"}],"wp:featuredmedia":[{"embeddable":true,"href":"https:\/\/lahora.mx\/index.php\/wp-json\/wp\/v2\/media\/65190"}],"wp:attachment":[{"href":"https:\/\/lahora.mx\/index.php\/wp-json\/wp\/v2\/media?parent=65189"}],"wp:term":[{"taxonomy":"category","embeddable":true,"href":"https:\/\/lahora.mx\/index.php\/wp-json\/wp\/v2\/categories?post=65189"},{"taxonomy":"post_tag","embeddable":true,"href":"https:\/\/lahora.mx\/index.php\/wp-json\/wp\/v2\/tags?post=65189"}],"curies":[{"name":"wp","href":"https:\/\/api.w.org\/{rel}","templated":true}]}}