{"id":65185,"date":"2025-07-15T19:02:11","date_gmt":"2025-07-15T19:02:11","guid":{"rendered":"https:\/\/lahora.mx\/?p=65185"},"modified":"2025-07-16T19:09:41","modified_gmt":"2025-07-16T19:09:41","slug":"supervisa-pepe-chedraui-rehabilitacion-vial-en-la-colonia-aquiles-serdan","status":"publish","type":"post","link":"https:\/\/lahora.mx\/index.php\/2025\/07\/15\/supervisa-pepe-chedraui-rehabilitacion-vial-en-la-colonia-aquiles-serdan\/","title":{"rendered":"Supervisa Pepe Chedraui rehabilitaci\u00f3n vial en la colonia Aquiles Serd\u00e1n"},"content":{"rendered":"\n<p>En cumplimiento al compromiso de fortalecer las diferentes arterias viales de la capital y poner a la ciudad en orden el presidente municipal, Pepe Chedraui Budib, supervis\u00f3 los trabajos de rehabilitaci\u00f3n vial que se llevan a cabo en la calle 8 Sur \u2013 53 Norte en la colonia Aquiles Serd\u00e1n, los cuales beneficiar\u00e1n a m\u00e1s de mil 600 habitantes.<\/p>\n\n\n\n<p>Al respecto, el edil capitalino se\u00f1al\u00f3 que la intervenci\u00f3n de esta vialidad permitir\u00e1 mejorar la movilidad, reducir los tiempos de traslado, agilizar la circulaci\u00f3n vehicular, as\u00ed como beneficiar a los habitantes de las juntas auxiliares de La Libertad y San Jer\u00f3nimo Caleras.<\/p>\n\n\n\n<p>\u201cInvertir en calles seguras y funcionales, es invertir en el futuro de nuestra ciudad. Por ello, impulsar acciones de rehabilitaci\u00f3n vial no es solo una tarea t\u00e9cnica: es una decisi\u00f3n estrat\u00e9gica que mejora la calidad de vida de todas y todos\u201d, subray\u00f3.<\/p>\n\n\n\n<p>Por su parte, la secretaria para la Igualdad Sustantiva de G\u00e9nero, Zaira Gonz\u00e1lez G\u00f3mez mencion\u00f3 que, la mejora de la infraestructura vial en la capital se ejecuta con enfoque integral, lo cual responde a las necesidades de movilidad de ni\u00f1as, mujeres, j\u00f3venes, adultos mayores y personas con discapacidad.<\/p>\n\n\n\n<p>\u201cRehabilitar una vialidad tambi\u00e9n representa reconstruir el tejido social, y por eso, desde la secretar\u00eda a mi cargo, impulsamos acciones para que cada obra p\u00fablica contribuya a una ciudad m\u00e1s justa y equitativa\u201d, destac\u00f3.<\/p>\n\n\n\n<p>En su momento, el secretario de Movilidad e Infraestructura, David Aysa inform\u00f3 que, como parte de los trabajos de rehabilitaci\u00f3n vial, se intervendr\u00e1n un total de 17 mil 654 metros cuadrados con labores de fresado, construcci\u00f3n de bocacalles, sustituci\u00f3n de la red de agua potable, instalaci\u00f3n de se\u00f1alamientos verticales, colocaci\u00f3n de bolardos, construcci\u00f3n de banquetas con gu\u00eda podot\u00e1ctil para personas con debilidad visual, guarniciones, rampas, as\u00ed como aplicaci\u00f3n de se\u00f1al\u00e9tica horizontal.<\/p>\n\n\n\n<p>\u201cLa rehabilitaci\u00f3n de esta vialidad beneficiar\u00e1 directamente a comercios, templos religiosos, domicilios y planteles educativos de dos juntas auxiliares, de ah\u00ed la importancia de intervenirla\u201d, asever\u00f3.<\/p>\n\n\n\n<p>Adicionalmente, el funcionario municipal agreg\u00f3 que se colocar\u00e1 carpeta asf\u00e1ltica en una longitud de mil 255 metros y en un ancho de vialidad de 10 metros.<\/p>\n\n\n\n<p>El Gobierno de la Ciudad que encabeza el alcalde Pepe Chedraui Budib trabaja por una capital en orden, a trav\u00e9s de la construcci\u00f3n de vialidades integrales que beneficien a las y los poblanos.<\/p>\n","protected":false},"excerpt":{"rendered":"<p>En cumplimiento al compromiso de fortalecer las diferentes arterias viales de la capital y poner a la ciudad en orden el presidente municipal, Pepe Chedraui Budib, supervis\u00f3 los trabajos de rehabilitaci\u00f3n vial que se llevan a cabo en la calle 8 Sur \u2013 53 Norte en la colonia Aquiles Serd\u00e1n, los cuales beneficiar\u00e1n a m\u00e1s [&hellip;]<\/p>\n","protected":false},"author":4,"featured_media":65186,"comment_status":"open","ping_status":"open","sticky":false,"template":"","format":"standard","meta":{"om_disable_all_campaigns":false,"_monsterinsights_skip_tracking":false,"_monsterinsights_sitenote_active":false,"_monsterinsights_sitenote_note":"","_monsterinsights_sitenote_category":0,"footnotes":""},"categories":[175],"tags":[223],"class_list":["post-65185","post","type-post","status-publish","format-standard","has-post-thumbnail","hentry","category-local","tag-puebla"],"amp_enabled":true,"_links":{"self":[{"href":"https:\/\/lahora.mx\/index.php\/wp-json\/wp\/v2\/posts\/65185","targetHints":{"allow":["GET"]}}],"collection":[{"href":"https:\/\/lahora.mx\/index.php\/wp-json\/wp\/v2\/posts"}],"about":[{"href":"https:\/\/lahora.mx\/index.php\/wp-json\/wp\/v2\/types\/post"}],"author":[{"embeddable":true,"href":"https:\/\/lahora.mx\/index.php\/wp-json\/wp\/v2\/users\/4"}],"replies":[{"embeddable":true,"href":"https:\/\/lahora.mx\/index.php\/wp-json\/wp\/v2\/comments?post=65185"}],"version-history":[{"count":1,"href":"https:\/\/lahora.mx\/index.php\/wp-json\/wp\/v2\/posts\/65185\/revisions"}],"predecessor-version":[{"id":65187,"href":"https:\/\/lahora.mx\/index.php\/wp-json\/wp\/v2\/posts\/65185\/revisions\/65187"}],"wp:featuredmedia":[{"embeddable":true,"href":"https:\/\/lahora.mx\/index.php\/wp-json\/wp\/v2\/media\/65186"}],"wp:attachment":[{"href":"https:\/\/lahora.mx\/index.php\/wp-json\/wp\/v2\/media?parent=65185"}],"wp:term":[{"taxonomy":"category","embeddable":true,"href":"https:\/\/lahora.mx\/index.php\/wp-json\/wp\/v2\/categories?post=65185"},{"taxonomy":"post_tag","embeddable":true,"href":"https:\/\/lahora.mx\/index.php\/wp-json\/wp\/v2\/tags?post=65185"}],"curies":[{"name":"wp","href":"https:\/\/api.w.org\/{rel}","templated":true}]}}