{"id":65182,"date":"2025-07-16T15:51:32","date_gmt":"2025-07-16T15:51:32","guid":{"rendered":"https:\/\/lahora.mx\/?p=65182"},"modified":"2025-07-16T15:51:33","modified_gmt":"2025-07-16T15:51:33","slug":"comienza-la-construccion-de-la-casa-del-abue-al-sur-de-puebla-2","status":"publish","type":"post","link":"https:\/\/lahora.mx\/index.php\/2025\/07\/16\/comienza-la-construccion-de-la-casa-del-abue-al-sur-de-puebla-2\/","title":{"rendered":"Comienza la construcci\u00f3n de la Casa del Abue al Sur de Puebla"},"content":{"rendered":"\n<p>Durante sesi\u00f3n ordinaria del Congreso del Estado de Puebla, los diputados autorizaron al Ayuntamiento de la capital poblana la donaci\u00f3n de un predio que se ubica al sur de la ciudad, zona en donde el Gobierno Estatal construir\u00e1 la Casa del Abue.<br><br>Es as\u00ed que, en dicho predio, desde hace unos d\u00edas ya se observa la instalaci\u00f3n de maquinaria y trabajadores, quienes ya est\u00e1n edificando dicha obra.<\/p>\n\n\n\n<p>De esta manera, el Legislativo local aprob\u00f3 la donaci\u00f3n de predios del Ayuntamiento de Puebla para la construcci\u00f3n de dicho recinto, as\u00ed como de las oficinas de la Secretar\u00eda de Movilidad y Transporte (SMT).<\/p>\n\n\n\n<p>Fue en la sesi\u00f3n del tercer periodo ordinario, donde los diputados locales aprobaron las solicitudes presentadas por el coordinador del Gabinete de Gobierno, Jos\u00e9 Luis Garc\u00eda Parra, a nombre del gobernador, Alejandro Armenta Mier.<\/p>\n\n\n\n<p>Dicho inmueble que ha sido donado por la administraci\u00f3n del presidente municipal, Jos\u00e9 Chedraui Budib, se encuentra en la calle 103 Poniente n\u00famero 1559, del Conjunto Habitacional \u201cTorres Mayorazgo\u201d en la ciudad de Puebla.<\/p>\n\n\n\n<p>El lugar cuenta con una extensi\u00f3n de dos mil 353.69 metros y servir\u00e1 para la edificaci\u00f3n del inmueble que albergar\u00e1 al Centro de Gerontolog\u00eda \u201cCasa del Abue Mayorazgo\u201d; los legisladores aprobaron la donaci\u00f3n de las oficinas de la Secretar\u00eda de Comunicaciones y Transportes (SCT), que se encuentra en avenida Rosendo M\u00e1rquez 1501, colonia La Paz, en la ciudad de Puebla.<\/p>\n","protected":false},"excerpt":{"rendered":"<p>Durante sesi\u00f3n ordinaria del Congreso del Estado de Puebla, los diputados autorizaron al Ayuntamiento de la capital poblana la donaci\u00f3n de un predio que se ubica al sur de la ciudad, zona en donde el Gobierno Estatal construir\u00e1 la Casa del Abue. Es as\u00ed que, en dicho predio, desde hace unos d\u00edas ya se observa [&hellip;]<\/p>\n","protected":false},"author":4,"featured_media":65183,"comment_status":"open","ping_status":"open","sticky":false,"template":"","format":"standard","meta":{"om_disable_all_campaigns":false,"_monsterinsights_skip_tracking":false,"_monsterinsights_sitenote_active":false,"_monsterinsights_sitenote_note":"","_monsterinsights_sitenote_category":0,"footnotes":""},"categories":[175],"tags":[227,239,195,223],"class_list":["post-65182","post","type-post","status-publish","format-standard","has-post-thumbnail","hentry","category-local","tag-congreso","tag-gobierno","tag-principal","tag-puebla"],"amp_enabled":true,"_links":{"self":[{"href":"https:\/\/lahora.mx\/index.php\/wp-json\/wp\/v2\/posts\/65182","targetHints":{"allow":["GET"]}}],"collection":[{"href":"https:\/\/lahora.mx\/index.php\/wp-json\/wp\/v2\/posts"}],"about":[{"href":"https:\/\/lahora.mx\/index.php\/wp-json\/wp\/v2\/types\/post"}],"author":[{"embeddable":true,"href":"https:\/\/lahora.mx\/index.php\/wp-json\/wp\/v2\/users\/4"}],"replies":[{"embeddable":true,"href":"https:\/\/lahora.mx\/index.php\/wp-json\/wp\/v2\/comments?post=65182"}],"version-history":[{"count":1,"href":"https:\/\/lahora.mx\/index.php\/wp-json\/wp\/v2\/posts\/65182\/revisions"}],"predecessor-version":[{"id":65184,"href":"https:\/\/lahora.mx\/index.php\/wp-json\/wp\/v2\/posts\/65182\/revisions\/65184"}],"wp:featuredmedia":[{"embeddable":true,"href":"https:\/\/lahora.mx\/index.php\/wp-json\/wp\/v2\/media\/65183"}],"wp:attachment":[{"href":"https:\/\/lahora.mx\/index.php\/wp-json\/wp\/v2\/media?parent=65182"}],"wp:term":[{"taxonomy":"category","embeddable":true,"href":"https:\/\/lahora.mx\/index.php\/wp-json\/wp\/v2\/categories?post=65182"},{"taxonomy":"post_tag","embeddable":true,"href":"https:\/\/lahora.mx\/index.php\/wp-json\/wp\/v2\/tags?post=65182"}],"curies":[{"name":"wp","href":"https:\/\/api.w.org\/{rel}","templated":true}]}}