{"id":65153,"date":"2025-07-16T01:36:17","date_gmt":"2025-07-16T01:36:17","guid":{"rendered":"https:\/\/lahora.mx\/?p=65153"},"modified":"2025-07-16T01:36:18","modified_gmt":"2025-07-16T01:36:18","slug":"cablebus-de-puebla-comenzara-a-construirse-este-ano-confirma-armenta","status":"publish","type":"post","link":"https:\/\/lahora.mx\/index.php\/2025\/07\/16\/cablebus-de-puebla-comenzara-a-construirse-este-ano-confirma-armenta\/","title":{"rendered":"Cableb\u00fas de Puebla comenzar\u00e1 a construirse este a\u00f1o, confirma Armenta"},"content":{"rendered":"\n<p>La construcci\u00f3n del cableb\u00fas que conectar\u00e1 diversos puntos de la ciudad de Puebla y su zona metropolitana comenzar\u00e1 en la segunda mitad del a\u00f1o, anunci\u00f3 el gobernador del estado, Alejandro Armenta Mier.<\/p>\n\n\n\n<p>En conferencia de prensa, el mandatario estatal asegur\u00f3 que esta obra contar\u00e1 con tecnolog\u00eda de primer nivel, similar a la utilizada en la L\u00ednea 3 del cableb\u00fas de la Ciudad de M\u00e9xico a fin de ofrecerle a los poblanos un servicio de calidad.<br>Confirma INAH que cableb\u00fas en Puebla no ingresar\u00e1 a la zona de Monumentos<br>El INAH junto con el gobierno de Puebla ya analizan el dise\u00f1o y la ubicaci\u00f3n de las estaciones<br>Sin abundar en detalles, el titular del Ejecutivo estatal adelant\u00f3 que la construcci\u00f3n de este sistema de transporte que conectar\u00e1 a la junta auxiliar de La Resurrecci\u00f3n con Angel\u00f3polis comenzar\u00e1 en la segundad mitad del a\u00f1o.<\/p>\n\n\n\n<p>Asimismo, asegur\u00f3 que los trabajos tendr\u00e1n una duraci\u00f3n aproximada de tres a\u00f1os, por lo que se espera que el cableb\u00fas sea inaugurado a finales de 2028 y formar\u00e1 parte de la estrategia de movilidad sustentable que busca implementar.<\/p>\n\n\n\n<p>En ese sentido, explic\u00f3 que en los tres a\u00f1os que durar\u00e1 la construcci\u00f3n se buscar\u00e1 la mejor tecnolog\u00eda del pa\u00eds para que sea utilizada en este proyecto y ofrecer un buen servicio eficiente que contribuya al cuidado del medio ambiente.<\/p>\n\n\n\n<p>Agreg\u00f3 que el gobierno del estado cuenta con los recursos p\u00fablicos necesarios para la obra, por lo que expres\u00f3 que no existe alg\u00fan impedimento que imposibilite llevar a cabo este proyecto.<\/p>\n\n\n\n<p>El cableb\u00fas no va en el 2026, va en el 2025, en este mismo a\u00f1o empezamos el cableb\u00fas porque no hay moches, porque no hay milpas, no hay corrupci\u00f3n, el dinero nos alcanza, como (\u2026), as\u00ed es que el cableb\u00fas va este a\u00f1o, es un proyecto que durar\u00e1 tres a\u00f1os porque vamos por la mejor tecnolog\u00eda que hay en M\u00e9xico,<br>declar\u00f3.<br>Aprueba INAH proyectos del cableb\u00fas y la Universidad del Deporte en Puebla<br>El gobernador Alejandro Armenta Mier destac\u00f3 que su administraci\u00f3n realiza megaobras sin que generen megadeudas<br>Finalmente, Armenta Mier asegur\u00f3 que el proyecto ya cuenta con los permisos necesarios del Instituto Nacional de Antropolog\u00eda e Historia (INAH) por lo que espera que los trabajos de construcci\u00f3n comiencen en las pr\u00f3ximas semanas<\/p>\n\n\n\n<p>Al respecto, aclar\u00f3 que la obra se mantendr\u00e1 fuera de la zona de monumentos hist\u00f3ricos de la ciudad de Puebla como parte de los requerimientos impuestos por el INAH.<\/p>\n","protected":false},"excerpt":{"rendered":"<p>La construcci\u00f3n del cableb\u00fas que conectar\u00e1 diversos puntos de la ciudad de Puebla y su zona metropolitana comenzar\u00e1 en la segunda mitad del a\u00f1o, anunci\u00f3 el gobernador del estado, Alejandro Armenta Mier. En conferencia de prensa, el mandatario estatal asegur\u00f3 que esta obra contar\u00e1 con tecnolog\u00eda de primer nivel, similar a la utilizada en la [&hellip;]<\/p>\n","protected":false},"author":4,"featured_media":65154,"comment_status":"open","ping_status":"open","sticky":false,"template":"","format":"standard","meta":{"om_disable_all_campaigns":false,"_monsterinsights_skip_tracking":false,"_monsterinsights_sitenote_active":false,"_monsterinsights_sitenote_note":"","_monsterinsights_sitenote_category":0,"footnotes":""},"categories":[175],"tags":[195,223],"class_list":["post-65153","post","type-post","status-publish","format-standard","has-post-thumbnail","hentry","category-local","tag-principal","tag-puebla"],"amp_enabled":true,"_links":{"self":[{"href":"https:\/\/lahora.mx\/index.php\/wp-json\/wp\/v2\/posts\/65153","targetHints":{"allow":["GET"]}}],"collection":[{"href":"https:\/\/lahora.mx\/index.php\/wp-json\/wp\/v2\/posts"}],"about":[{"href":"https:\/\/lahora.mx\/index.php\/wp-json\/wp\/v2\/types\/post"}],"author":[{"embeddable":true,"href":"https:\/\/lahora.mx\/index.php\/wp-json\/wp\/v2\/users\/4"}],"replies":[{"embeddable":true,"href":"https:\/\/lahora.mx\/index.php\/wp-json\/wp\/v2\/comments?post=65153"}],"version-history":[{"count":1,"href":"https:\/\/lahora.mx\/index.php\/wp-json\/wp\/v2\/posts\/65153\/revisions"}],"predecessor-version":[{"id":65155,"href":"https:\/\/lahora.mx\/index.php\/wp-json\/wp\/v2\/posts\/65153\/revisions\/65155"}],"wp:featuredmedia":[{"embeddable":true,"href":"https:\/\/lahora.mx\/index.php\/wp-json\/wp\/v2\/media\/65154"}],"wp:attachment":[{"href":"https:\/\/lahora.mx\/index.php\/wp-json\/wp\/v2\/media?parent=65153"}],"wp:term":[{"taxonomy":"category","embeddable":true,"href":"https:\/\/lahora.mx\/index.php\/wp-json\/wp\/v2\/categories?post=65153"},{"taxonomy":"post_tag","embeddable":true,"href":"https:\/\/lahora.mx\/index.php\/wp-json\/wp\/v2\/tags?post=65153"}],"curies":[{"name":"wp","href":"https:\/\/api.w.org\/{rel}","templated":true}]}}