{"id":65147,"date":"2025-07-16T01:15:01","date_gmt":"2025-07-16T01:15:01","guid":{"rendered":"https:\/\/lahora.mx\/?p=65147"},"modified":"2025-07-16T01:15:02","modified_gmt":"2025-07-16T01:15:02","slug":"reconoce-alcalde-alfonso-sanchez-garcia-a-estudiantes-de-la-tecnica-23-por-su-excelencia-academica","status":"publish","type":"post","link":"https:\/\/lahora.mx\/index.php\/2025\/07\/16\/reconoce-alcalde-alfonso-sanchez-garcia-a-estudiantes-de-la-tecnica-23-por-su-excelencia-academica\/","title":{"rendered":"Reconoce alcalde Alfonso S\u00e1nchez Garc\u00eda a estudiantes de la t\u00e9cnica 23 por su excelencia acad\u00e9mica"},"content":{"rendered":"\n<p>El presidente municipal de Tlaxcala, Alfonso S\u00e1nchez Garc\u00eda, apadrin\u00f3 a la generaci\u00f3n 2022-2025 de la Secundaria T\u00e9cnica No. 23 \u201cL\u00e1zaro C\u00e1rdenas\u201d de la comunidad de Ixtulco, acto en el que reconoci\u00f3 p\u00fablicamente el esfuerzo de los egresados y el alto nivel acad\u00e9mico que distingue a esta instituci\u00f3n educativa.<\/p>\n\n\n\n<p>Durante su mensaje, el alcalde aplaudi\u00f3 los logros alcanzados por los estudiantes, entre los que destacan los primeros lugares obtenidos en concursos estatales de oratoria y rob\u00f3tica, as\u00ed como la participaci\u00f3n mensual de grupos escolares en actividades organizadas por la Embajada de Estados Unidos.<\/p>\n\n\n\n<p>\u201cEsta generaci\u00f3n nos ha demostrado que con esfuerzo y dedicaci\u00f3n todo es posible\u201d, expres\u00f3 el edil, al tiempo que agradeci\u00f3 a madres, padres y docentes por su acompa\u00f1amiento constante.<\/p>\n\n\n\n<p>Luego, expuso que, a pesar de los retos, los estudiantes graduados llegaron al final de esta etapa con la frente en alto y el coraz\u00f3n lleno de sue\u00f1os. \u201cS\u00e9 que no fue f\u00e1cil, hubo momentos de cansancio de sacrificios, pero hoy est\u00e1n aqu\u00ed celebrando\u201d, agreg\u00f3 el edil.<\/p>\n\n\n\n<p>A su vez, el director del plantel, Joel Cano Carro, resalt\u00f3 que estos logros son resultado de una educaci\u00f3n de calidad y de un profesorado comprometido con el desarrollo integral de su alumnado. \u201cTenemos una escuela muy bonita, con mucho talento y con grandes oportunidades para nuestros estudiantes\u201d, recalc\u00f3 al agradecer la distinci\u00f3n del presidente Alfonso S\u00e1nchez Garc\u00eda por apadrinar a esta generaci\u00f3n.<\/p>\n\n\n\n<p>Como parte de la ceremonia de graduaci\u00f3n, los alumnos dieron una muestra de sus habilidades art\u00edsticas, como de danza y la m\u00fasica. Tambi\u00e9n se entregaron diplomas a los alumnos con los promedios m\u00e1s sobresalientes.<\/p>\n","protected":false},"excerpt":{"rendered":"<p>El presidente municipal de Tlaxcala, Alfonso S\u00e1nchez Garc\u00eda, apadrin\u00f3 a la generaci\u00f3n 2022-2025 de la Secundaria T\u00e9cnica No. 23 \u201cL\u00e1zaro C\u00e1rdenas\u201d de la comunidad de Ixtulco, acto en el que reconoci\u00f3 p\u00fablicamente el esfuerzo de los egresados y el alto nivel acad\u00e9mico que distingue a esta instituci\u00f3n educativa. Durante su mensaje, el alcalde aplaudi\u00f3 los [&hellip;]<\/p>\n","protected":false},"author":4,"featured_media":65148,"comment_status":"open","ping_status":"open","sticky":false,"template":"","format":"standard","meta":{"om_disable_all_campaigns":false,"_monsterinsights_skip_tracking":false,"_monsterinsights_sitenote_active":false,"_monsterinsights_sitenote_note":"","_monsterinsights_sitenote_category":0,"footnotes":""},"categories":[175],"tags":[223,210],"class_list":["post-65147","post","type-post","status-publish","format-standard","has-post-thumbnail","hentry","category-local","tag-puebla","tag-tlaxcala"],"amp_enabled":true,"_links":{"self":[{"href":"https:\/\/lahora.mx\/index.php\/wp-json\/wp\/v2\/posts\/65147","targetHints":{"allow":["GET"]}}],"collection":[{"href":"https:\/\/lahora.mx\/index.php\/wp-json\/wp\/v2\/posts"}],"about":[{"href":"https:\/\/lahora.mx\/index.php\/wp-json\/wp\/v2\/types\/post"}],"author":[{"embeddable":true,"href":"https:\/\/lahora.mx\/index.php\/wp-json\/wp\/v2\/users\/4"}],"replies":[{"embeddable":true,"href":"https:\/\/lahora.mx\/index.php\/wp-json\/wp\/v2\/comments?post=65147"}],"version-history":[{"count":1,"href":"https:\/\/lahora.mx\/index.php\/wp-json\/wp\/v2\/posts\/65147\/revisions"}],"predecessor-version":[{"id":65149,"href":"https:\/\/lahora.mx\/index.php\/wp-json\/wp\/v2\/posts\/65147\/revisions\/65149"}],"wp:featuredmedia":[{"embeddable":true,"href":"https:\/\/lahora.mx\/index.php\/wp-json\/wp\/v2\/media\/65148"}],"wp:attachment":[{"href":"https:\/\/lahora.mx\/index.php\/wp-json\/wp\/v2\/media?parent=65147"}],"wp:term":[{"taxonomy":"category","embeddable":true,"href":"https:\/\/lahora.mx\/index.php\/wp-json\/wp\/v2\/categories?post=65147"},{"taxonomy":"post_tag","embeddable":true,"href":"https:\/\/lahora.mx\/index.php\/wp-json\/wp\/v2\/tags?post=65147"}],"curies":[{"name":"wp","href":"https:\/\/api.w.org\/{rel}","templated":true}]}}