{"id":65144,"date":"2025-07-16T01:01:21","date_gmt":"2025-07-16T01:01:21","guid":{"rendered":"https:\/\/lahora.mx\/?p=65144"},"modified":"2025-07-16T01:01:22","modified_gmt":"2025-07-16T01:01:22","slug":"la-presidenta-ariadna-ayala-enciende-la-fiesta-con-la-banda-el-limon-y-angeles-negros-en-la-feria-de-atlixco","status":"publish","type":"post","link":"https:\/\/lahora.mx\/index.php\/2025\/07\/16\/la-presidenta-ariadna-ayala-enciende-la-fiesta-con-la-banda-el-limon-y-angeles-negros-en-la-feria-de-atlixco\/","title":{"rendered":"La presidenta Ariadna Ayala enciende la fiesta con la Banda el Lim\u00f3n y \u00c1ngeles Negros en la Feria de Atlixco"},"content":{"rendered":"\n<p>La Feria de Atlixco 2025 sigue sorprendiendo con espect\u00e1culos para todos los gustos. La presidenta municipal Ariadna Ayala te invita a vivir dos noches inolvidables en el Teatro del Pueblo con la presentaci\u00f3n de La Original Banda El Lim\u00f3n y Los \u00c1ngeles Negros, leyendas de la m\u00fasica que llegan para emocionar al coraz\u00f3n de Atlixco.<\/p>\n\n\n\n<p>Lunes 21 de julio: prep\u00e1rate para una velada llena de energ\u00eda y sabor sinaloense con La Original Banda El Lim\u00f3n, agrupaci\u00f3n con m\u00e1s de 50 a\u00f1os de historia y \u00e9xitos como \u201cQue Me Digan Loco\u201d y \u201cAbeja Reina\u201d.<\/p>\n\n\n\n<p>Martes 22 de julio: el romanticismo se apodera del escenario con Los \u00c1ngeles Negros, \u00edconos de la balada que marcaron generaciones con temas como \u201cY Volver\u00e9\u201d y \u201cMuri\u00f3 la Flor\u201d.<\/p>\n\n\n\n<p>La Feria de Atlixco es una fiesta para toda la familia: juegos mec\u00e1nicos, artesan\u00edas, gastronom\u00eda t\u00edpica y espect\u00e1culos que celebran nuestra identidad. No olvides adquirir tu boleto el mismo d\u00eda del evento:<\/p>\n\n\n\n<ul class=\"wp-block-list\">\n<li>Zona General: $50 pesos<\/li>\n\n\n\n<li>Zona Preferente: $350 pesos<br>Venta en taquillas del Centro de Convenciones y Cajas de Cobro del Ayuntamiento.<\/li>\n<\/ul>\n","protected":false},"excerpt":{"rendered":"<p>La Feria de Atlixco 2025 sigue sorprendiendo con espect\u00e1culos para todos los gustos. La presidenta municipal Ariadna Ayala te invita a vivir dos noches inolvidables en el Teatro del Pueblo con la presentaci\u00f3n de La Original Banda El Lim\u00f3n y Los \u00c1ngeles Negros, leyendas de la m\u00fasica que llegan para emocionar al coraz\u00f3n de Atlixco. [&hellip;]<\/p>\n","protected":false},"author":4,"featured_media":65145,"comment_status":"open","ping_status":"open","sticky":false,"template":"","format":"standard","meta":{"om_disable_all_campaigns":false,"_monsterinsights_skip_tracking":false,"_monsterinsights_sitenote_active":false,"_monsterinsights_sitenote_note":"","_monsterinsights_sitenote_category":0,"footnotes":""},"categories":[3,175],"tags":[195],"class_list":["post-65144","post","type-post","status-publish","format-standard","has-post-thumbnail","hentry","category-entretenimiento","category-local","tag-principal"],"amp_enabled":true,"_links":{"self":[{"href":"https:\/\/lahora.mx\/index.php\/wp-json\/wp\/v2\/posts\/65144","targetHints":{"allow":["GET"]}}],"collection":[{"href":"https:\/\/lahora.mx\/index.php\/wp-json\/wp\/v2\/posts"}],"about":[{"href":"https:\/\/lahora.mx\/index.php\/wp-json\/wp\/v2\/types\/post"}],"author":[{"embeddable":true,"href":"https:\/\/lahora.mx\/index.php\/wp-json\/wp\/v2\/users\/4"}],"replies":[{"embeddable":true,"href":"https:\/\/lahora.mx\/index.php\/wp-json\/wp\/v2\/comments?post=65144"}],"version-history":[{"count":1,"href":"https:\/\/lahora.mx\/index.php\/wp-json\/wp\/v2\/posts\/65144\/revisions"}],"predecessor-version":[{"id":65146,"href":"https:\/\/lahora.mx\/index.php\/wp-json\/wp\/v2\/posts\/65144\/revisions\/65146"}],"wp:featuredmedia":[{"embeddable":true,"href":"https:\/\/lahora.mx\/index.php\/wp-json\/wp\/v2\/media\/65145"}],"wp:attachment":[{"href":"https:\/\/lahora.mx\/index.php\/wp-json\/wp\/v2\/media?parent=65144"}],"wp:term":[{"taxonomy":"category","embeddable":true,"href":"https:\/\/lahora.mx\/index.php\/wp-json\/wp\/v2\/categories?post=65144"},{"taxonomy":"post_tag","embeddable":true,"href":"https:\/\/lahora.mx\/index.php\/wp-json\/wp\/v2\/tags?post=65144"}],"curies":[{"name":"wp","href":"https:\/\/api.w.org\/{rel}","templated":true}]}}