{"id":65141,"date":"2025-07-16T00:56:38","date_gmt":"2025-07-16T00:56:38","guid":{"rendered":"https:\/\/lahora.mx\/?p=65141"},"modified":"2025-07-16T00:56:39","modified_gmt":"2025-07-16T00:56:39","slug":"detiene-ssp-a-hombre-por-robo-a-usuario-de-ruta","status":"publish","type":"post","link":"https:\/\/lahora.mx\/index.php\/2025\/07\/16\/detiene-ssp-a-hombre-por-robo-a-usuario-de-ruta\/","title":{"rendered":"Detiene SSP a hombre por robo a usuario de RUTA"},"content":{"rendered":"\n<p>Resultado del reforzamiento del operativo \u201cTransporte Seguro\u201d, la Secretar\u00eda de Seguridad P\u00fablica (SSP) detuvo a un hombre por robo a un usuario de la Red Urbana de Transporte Articulado (RUTA).<\/p>\n\n\n\n<p>Elementos de la Polic\u00eda Estatal Tur\u00edstica detuvieron a Carlos N., de 41 a\u00f1os, en inmediaciones del paradero de la L\u00ednea 3 de RUTA, ubicado a la altura del Barrio de San Antonio, en el municipio de Puebla.<\/p>\n\n\n\n<p>De acuerdo con el reporte de las autoridades estatales, la v\u00edctima identific\u00f3 al ahora detenido como responsable de la sustracci\u00f3n de un equipo telef\u00f3nico mientras viajaba en la Red Urbana de Transporte Articulado.<\/p>\n\n\n\n<p>La SSP exhorta a la poblaci\u00f3n a que, en caso de reconocer a dicha persona como probable responsable de otros il\u00edcitos, formalice la denuncia ante la Fiscal\u00eda General del Estado (FGE).<\/p>\n\n\n\n<p>El Gobierno del Estado de Puebla, mediante la Polic\u00eda Estatal, fortalece las acciones de prevenci\u00f3n del delito y vigilancia, a fin de brindar mayor seguridad a las y los usuarios del transporte p\u00fablico.<\/p>\n","protected":false},"excerpt":{"rendered":"<p>Resultado del reforzamiento del operativo \u201cTransporte Seguro\u201d, la Secretar\u00eda de Seguridad P\u00fablica (SSP) detuvo a un hombre por robo a un usuario de la Red Urbana de Transporte Articulado (RUTA). Elementos de la Polic\u00eda Estatal Tur\u00edstica detuvieron a Carlos N., de 41 a\u00f1os, en inmediaciones del paradero de la L\u00ednea 3 de RUTA, ubicado a [&hellip;]<\/p>\n","protected":false},"author":4,"featured_media":65142,"comment_status":"open","ping_status":"open","sticky":false,"template":"","format":"standard","meta":{"om_disable_all_campaigns":false,"_monsterinsights_skip_tracking":false,"_monsterinsights_sitenote_active":false,"_monsterinsights_sitenote_note":"","_monsterinsights_sitenote_category":0,"footnotes":""},"categories":[175,226],"tags":[223],"class_list":["post-65141","post","type-post","status-publish","format-standard","has-post-thumbnail","hentry","category-local","category-policia","tag-puebla"],"amp_enabled":true,"_links":{"self":[{"href":"https:\/\/lahora.mx\/index.php\/wp-json\/wp\/v2\/posts\/65141","targetHints":{"allow":["GET"]}}],"collection":[{"href":"https:\/\/lahora.mx\/index.php\/wp-json\/wp\/v2\/posts"}],"about":[{"href":"https:\/\/lahora.mx\/index.php\/wp-json\/wp\/v2\/types\/post"}],"author":[{"embeddable":true,"href":"https:\/\/lahora.mx\/index.php\/wp-json\/wp\/v2\/users\/4"}],"replies":[{"embeddable":true,"href":"https:\/\/lahora.mx\/index.php\/wp-json\/wp\/v2\/comments?post=65141"}],"version-history":[{"count":1,"href":"https:\/\/lahora.mx\/index.php\/wp-json\/wp\/v2\/posts\/65141\/revisions"}],"predecessor-version":[{"id":65143,"href":"https:\/\/lahora.mx\/index.php\/wp-json\/wp\/v2\/posts\/65141\/revisions\/65143"}],"wp:featuredmedia":[{"embeddable":true,"href":"https:\/\/lahora.mx\/index.php\/wp-json\/wp\/v2\/media\/65142"}],"wp:attachment":[{"href":"https:\/\/lahora.mx\/index.php\/wp-json\/wp\/v2\/media?parent=65141"}],"wp:term":[{"taxonomy":"category","embeddable":true,"href":"https:\/\/lahora.mx\/index.php\/wp-json\/wp\/v2\/categories?post=65141"},{"taxonomy":"post_tag","embeddable":true,"href":"https:\/\/lahora.mx\/index.php\/wp-json\/wp\/v2\/tags?post=65141"}],"curies":[{"name":"wp","href":"https:\/\/api.w.org\/{rel}","templated":true}]}}