{"id":65132,"date":"2025-07-16T00:03:27","date_gmt":"2025-07-16T00:03:27","guid":{"rendered":"https:\/\/lahora.mx\/?p=65132"},"modified":"2025-07-16T00:03:28","modified_gmt":"2025-07-16T00:03:28","slug":"armenta-presente-en-el-foro-construyendo-las-metropolis-del-presente","status":"publish","type":"post","link":"https:\/\/lahora.mx\/index.php\/2025\/07\/16\/armenta-presente-en-el-foro-construyendo-las-metropolis-del-presente\/","title":{"rendered":"Armenta, presente en el foro Construyendo las Metr\u00f3polis del Presente"},"content":{"rendered":"\n<p>Al asistir al Foro \u201cConstruyendo las Metr\u00f3polis del Presente\u201d, organizado por la C\u00e1mara de Diputados, el gobernador de Puebla, Alejandro Armenta, refrend\u00f3 su compromiso con la innovaci\u00f3n tecnol\u00f3gica, la movilidad urbana sustentable y el rescate ambiental, especialmente del r\u00edo Atoyac.<br><br>Durante su participaci\u00f3n en la mesa de Innovaci\u00f3n y digitalizaci\u00f3n, el gobernador de Puebla resalt\u00f3 la aplicaci\u00f3n de la tecnolog\u00eda para transformar las ciudades y mejorar la calidad de vida. Subray\u00f3 que la automatizaci\u00f3n de veh\u00edculos, la seguridad digital y la eficiencia en servicios p\u00fablicos son ejes estrat\u00e9gicos de su administraci\u00f3n. \u201cTrabajamos en la innovaci\u00f3n porque queremos vivir en un mundo mejor, reducir costos, salvar vidas y ser m\u00e1s productivos\u201d, afirm\u00f3.<\/p>\n\n\n\n<p>En la mesa de Movilidad, el mandatario reconoci\u00f3 la urgencia de replantear el modelo de desarrollo urbano, priorizando el transporte p\u00fablico y la movilidad activa. Se pronunci\u00f3 a favor de proyectos como el Cableb\u00fas en la Ciudad de M\u00e9xico, por su bajo impacto ambiental y sus beneficios sociales. Anunci\u00f3 que Puebla comenzar\u00e1 este a\u00f1o su propio sistema de transporte por cable: \u201cLa movilidad es un derecho. Apostamos por soluciones que mejoren la salud y reduzcan el impacto ambiental\u201d, expres\u00f3 ante expertos y legisladores.<\/p>\n\n\n\n<p>En la mesa sobre Cuidado del Agua, el gobernador denunci\u00f3 la situaci\u00f3n alarmante del r\u00edo Atoyac, uno de los m\u00e1s contaminados del pa\u00eds. Por su parte la ponente Lluvia Garc\u00eda, especialista en el cuidado del agua, expuso el da\u00f1o ambiental y de salud p\u00fablica derivado de descargas industriales no reguladas. \u201cEstamos frente a un r\u00edo muerto. Pero a\u00fan hay tiempo para resucitarlo\u201d, confi\u00f3.<\/p>\n\n\n\n<p>El mandatario poblano reiter\u00f3 que su gobierno ya trabaja en el rescate del lago de Valsequillo y la reutilizaci\u00f3n del lirio acu\u00e1tico como fertilizante y material de construcci\u00f3n. Tambi\u00e9n anunci\u00f3 la construcci\u00f3n de infraestructura para comunidades ind\u00edgenas, como el puente en la Mixteca Alta, que permitir\u00e1 salvar vidas y reducir desigualdades.<\/p>\n\n\n\n<p>El gobernador, Alejandro Armenta, cerr\u00f3 su intervenci\u00f3n con un llamado a la acci\u00f3n coordinada entre gobiernos, legisladores, sociedad civil y sector privado. \u201cNo basta con el diagn\u00f3stico, necesitamos ejecuci\u00f3n, evaluaci\u00f3n y resultados. Este foro debe convertirse en soluciones concretas para nuestras metr\u00f3polis\u201d, concluy\u00f3.<\/p>\n","protected":false},"excerpt":{"rendered":"<p>Al asistir al Foro \u201cConstruyendo las Metr\u00f3polis del Presente\u201d, organizado por la C\u00e1mara de Diputados, el gobernador de Puebla, Alejandro Armenta, refrend\u00f3 su compromiso con la innovaci\u00f3n tecnol\u00f3gica, la movilidad urbana sustentable y el rescate ambiental, especialmente del r\u00edo Atoyac. Durante su participaci\u00f3n en la mesa de Innovaci\u00f3n y digitalizaci\u00f3n, el gobernador de Puebla resalt\u00f3 [&hellip;]<\/p>\n","protected":false},"author":4,"featured_media":65133,"comment_status":"open","ping_status":"open","sticky":false,"template":"","format":"standard","meta":{"om_disable_all_campaigns":false,"_monsterinsights_skip_tracking":false,"_monsterinsights_sitenote_active":false,"_monsterinsights_sitenote_note":"","_monsterinsights_sitenote_category":0,"footnotes":""},"categories":[175],"tags":[239,223],"class_list":["post-65132","post","type-post","status-publish","format-standard","has-post-thumbnail","hentry","category-local","tag-gobierno","tag-puebla"],"amp_enabled":true,"_links":{"self":[{"href":"https:\/\/lahora.mx\/index.php\/wp-json\/wp\/v2\/posts\/65132","targetHints":{"allow":["GET"]}}],"collection":[{"href":"https:\/\/lahora.mx\/index.php\/wp-json\/wp\/v2\/posts"}],"about":[{"href":"https:\/\/lahora.mx\/index.php\/wp-json\/wp\/v2\/types\/post"}],"author":[{"embeddable":true,"href":"https:\/\/lahora.mx\/index.php\/wp-json\/wp\/v2\/users\/4"}],"replies":[{"embeddable":true,"href":"https:\/\/lahora.mx\/index.php\/wp-json\/wp\/v2\/comments?post=65132"}],"version-history":[{"count":1,"href":"https:\/\/lahora.mx\/index.php\/wp-json\/wp\/v2\/posts\/65132\/revisions"}],"predecessor-version":[{"id":65134,"href":"https:\/\/lahora.mx\/index.php\/wp-json\/wp\/v2\/posts\/65132\/revisions\/65134"}],"wp:featuredmedia":[{"embeddable":true,"href":"https:\/\/lahora.mx\/index.php\/wp-json\/wp\/v2\/media\/65133"}],"wp:attachment":[{"href":"https:\/\/lahora.mx\/index.php\/wp-json\/wp\/v2\/media?parent=65132"}],"wp:term":[{"taxonomy":"category","embeddable":true,"href":"https:\/\/lahora.mx\/index.php\/wp-json\/wp\/v2\/categories?post=65132"},{"taxonomy":"post_tag","embeddable":true,"href":"https:\/\/lahora.mx\/index.php\/wp-json\/wp\/v2\/tags?post=65132"}],"curies":[{"name":"wp","href":"https:\/\/api.w.org\/{rel}","templated":true}]}}