{"id":65126,"date":"2025-07-15T20:41:07","date_gmt":"2025-07-15T20:41:07","guid":{"rendered":"https:\/\/lahora.mx\/?p=65126"},"modified":"2025-07-15T20:41:07","modified_gmt":"2025-07-15T20:41:07","slug":"alumnos-se-quejan-del-alto-costo-de-los-paquetes-fotograficos-en-la-utim","status":"publish","type":"post","link":"https:\/\/lahora.mx\/index.php\/2025\/07\/15\/alumnos-se-quejan-del-alto-costo-de-los-paquetes-fotograficos-en-la-utim\/","title":{"rendered":"Alumnos se quejan del alto costo de los paquetes fotogr\u00e1ficos en la UTIM"},"content":{"rendered":"\n<p>Los egresados de la Universidad Tecnol\u00f3gica de Iz\u00facar de Matamoros (UTIM) que tendr\u00e1n su ceremonia de graduaci\u00f3n el pr\u00f3ximo 17 de junio, dieron a conocer que, aunque no es obligatorio, pero a manera de sugerencia, recibieron la propuesta de dos proveedores de paquetes de fotograf\u00eda, diploma e insumos adicionales, con precios desde 3 mil 100 hasta los 4 mil 950 pesos, uno de Tlaxcala y el segundo de Iz\u00facar de Matamoros.<\/p>\n\n\n\n<p>Estudiantes confirmaron que Prestige Graduaciones, establecidas en la avenida Independencia, en la Ciudad de Tlaxcala, les ofrecieron sus servicios repartidos en tres paquetes, y si lo desean, pueden contratar la toga acorde a su presupuesto.<\/p>\n\n\n\n<p>El Paquete Silver con precio de 3 mil 100 pesos, ofrece arreglo del diploma, redacci\u00f3n o estampado de palabras de agradecimiento y fotograf\u00eda panor\u00e1mica, el segundo paquete Golden, cuyo valor es de 4 mil 250, incluye adem\u00e1s de los anteriores, anillo de plata y foto extra panor\u00e1mica y el Paquete Especial de 4 mil 950, incluye todo, excepto el marco especial donde se coloca la fotograf\u00eda.<\/p>\n\n\n\n<p>El segundo proveedor se llama Foto Zoom que ofrece la renta por 100 pesos de la toga y de estola por 220 pesos, as\u00ed como birretes y paquetes de fotograf\u00edas desde 550 pesos hasta mil pesos, pero la sesi\u00f3n fotogr\u00e1fica, sin costo adicional, se efect\u00faa en el Restaurante Fonda Margarita.<\/p>\n\n\n\n<p>Franklyn \u00c1lvarez, futuro egresado de la licenciatura en Contadur\u00eda P\u00fablica, desconoce si alg\u00fan directivo de la UTIM, contact\u00f3 a esta empresa tlaxcalteca, pero de pronto ofreci\u00f3 sus servicios y en la universidad solo dijeron que era opcional, \u201cpero estoy seguro que alguien ser\u00e1 beneficiado con su mochada por cada alumno que contrate cualquiera de los paquetes ofrecidos\u201d.<\/p>\n\n\n\n<p>Cabe mencionar que durante la temporada de graduaciones escuela y universidades se ven favorecidos con los paquetes fotogr\u00e1ficos, ya que los proveedores acuerdan otorgar un porcentaje a funcionarios p\u00fablicos a cambio de que les permiten ofrecer sus servicios a los alumnos, y si estos los contratan otorgan una comisi\u00f3n.<\/p>\n\n\n\n<p>Hay que destacar que la fotograf\u00eda oficial, ya fue tomada, donde participaron 191 egresados, el rector de la UTIM, Sergio Valero Orea, el cual, estar\u00e1 acompa\u00f1ado de los directores de carreras, excepto en la de Contadur\u00eda, debido a que su titular, Mar\u00eda Monserrat Toledo Alfaro dej\u00f3 la direcci\u00f3n a principios del mes de julio de 2025 para ocupar la direcci\u00f3n del Icatep-Iz\u00facar de Matamoros.<\/p>\n","protected":false},"excerpt":{"rendered":"<p>Los egresados de la Universidad Tecnol\u00f3gica de Iz\u00facar de Matamoros (UTIM) que tendr\u00e1n su ceremonia de graduaci\u00f3n el pr\u00f3ximo 17 de junio, dieron a conocer que, aunque no es obligatorio, pero a manera de sugerencia, recibieron la propuesta de dos proveedores de paquetes de fotograf\u00eda, diploma e insumos adicionales, con precios desde 3 mil 100 [&hellip;]<\/p>\n","protected":false},"author":4,"featured_media":65127,"comment_status":"open","ping_status":"open","sticky":false,"template":"","format":"standard","meta":{"om_disable_all_campaigns":false,"_monsterinsights_skip_tracking":false,"_monsterinsights_sitenote_active":false,"_monsterinsights_sitenote_note":"","_monsterinsights_sitenote_category":0,"footnotes":""},"categories":[176],"tags":[223],"class_list":["post-65126","post","type-post","status-publish","format-standard","has-post-thumbnail","hentry","category-nacional","tag-puebla"],"amp_enabled":true,"_links":{"self":[{"href":"https:\/\/lahora.mx\/index.php\/wp-json\/wp\/v2\/posts\/65126","targetHints":{"allow":["GET"]}}],"collection":[{"href":"https:\/\/lahora.mx\/index.php\/wp-json\/wp\/v2\/posts"}],"about":[{"href":"https:\/\/lahora.mx\/index.php\/wp-json\/wp\/v2\/types\/post"}],"author":[{"embeddable":true,"href":"https:\/\/lahora.mx\/index.php\/wp-json\/wp\/v2\/users\/4"}],"replies":[{"embeddable":true,"href":"https:\/\/lahora.mx\/index.php\/wp-json\/wp\/v2\/comments?post=65126"}],"version-history":[{"count":1,"href":"https:\/\/lahora.mx\/index.php\/wp-json\/wp\/v2\/posts\/65126\/revisions"}],"predecessor-version":[{"id":65128,"href":"https:\/\/lahora.mx\/index.php\/wp-json\/wp\/v2\/posts\/65126\/revisions\/65128"}],"wp:featuredmedia":[{"embeddable":true,"href":"https:\/\/lahora.mx\/index.php\/wp-json\/wp\/v2\/media\/65127"}],"wp:attachment":[{"href":"https:\/\/lahora.mx\/index.php\/wp-json\/wp\/v2\/media?parent=65126"}],"wp:term":[{"taxonomy":"category","embeddable":true,"href":"https:\/\/lahora.mx\/index.php\/wp-json\/wp\/v2\/categories?post=65126"},{"taxonomy":"post_tag","embeddable":true,"href":"https:\/\/lahora.mx\/index.php\/wp-json\/wp\/v2\/tags?post=65126"}],"curies":[{"name":"wp","href":"https:\/\/api.w.org\/{rel}","templated":true}]}}