{"id":65123,"date":"2025-07-15T20:39:11","date_gmt":"2025-07-15T20:39:11","guid":{"rendered":"https:\/\/lahora.mx\/?p=65123"},"modified":"2025-07-15T20:39:11","modified_gmt":"2025-07-15T20:39:11","slug":"estados-unidos-debe-frenar-trafico-de-armas-hacia-mexico-sheinbaum","status":"publish","type":"post","link":"https:\/\/lahora.mx\/index.php\/2025\/07\/15\/estados-unidos-debe-frenar-trafico-de-armas-hacia-mexico-sheinbaum\/","title":{"rendered":"Estados Unidos debe frenar tr\u00e1fico de armas hacia M\u00e9xico: Sheinbaum"},"content":{"rendered":"\n<p>Estados Unidos debe incrementar sus operativos con la finalidad de evitar la entrada ilegal de armas a M\u00e9xico, se\u00f1al\u00f3 la presidenta Claudia Sheinbaum Pardo.<br><br>Durante la conferencia matutina desde Palacio Nacional, sostuvo que dichas acciones han pedido al Gobierno del pa\u00eds del norte durante las reuniones bilaterales, aunque tambi\u00e9n reconoci\u00f3 que sigue entrando armamento a M\u00e9xico.<\/p>\n\n\n\n<p>\u201cLo hemos dicho: Estados Unidos tiene que incrementar sus operativos para disminuir el tr\u00e1fico de armas a M\u00e9xico, ilegal\u201d.<\/p>\n\n\n\n<p>\u201cEs una labor que tienen que realizar ellos, tienen much\u00edsimos elementos de seguridad en la frontera y toda la posibilidad de hacer las revisiones y operativos necesarios para evitar la entrada de armas de EE.UU. a M\u00e9xico\u201d.<\/p>\n\n\n\n<p>\u201cNosotros pensamos que tiene que incrementar esas actividades y se los hemos dicho en la mesa, es la realidad, siguen entrando armas a nuestro pa\u00eds\u201d, manifest\u00f3 la Mandataria Federal.<\/p>\n\n\n\n<p>Agreg\u00f3 que del lado del territorio nacional realizan se hacen las revisiones correspondientes con el objetivo de evitar la entrada ilegal de armamento a M\u00e9xico, \u201cpero estados Unidos tambi\u00e9n debe hacer su parte\u201d.<\/p>\n\n\n\n<p>\u201cNosotros revisamos de este lado de la frontera, pero ellos tienen que hacer su parte, necesariamente. Tienen que incrementarla m\u00e1s\u201d, declar\u00f3 Sheinbaum Pardo.<\/p>\n","protected":false},"excerpt":{"rendered":"<p>Estados Unidos debe incrementar sus operativos con la finalidad de evitar la entrada ilegal de armas a M\u00e9xico, se\u00f1al\u00f3 la presidenta Claudia Sheinbaum Pardo. Durante la conferencia matutina desde Palacio Nacional, sostuvo que dichas acciones han pedido al Gobierno del pa\u00eds del norte durante las reuniones bilaterales, aunque tambi\u00e9n reconoci\u00f3 que sigue entrando armamento a [&hellip;]<\/p>\n","protected":false},"author":4,"featured_media":65124,"comment_status":"open","ping_status":"open","sticky":false,"template":"","format":"standard","meta":{"om_disable_all_campaigns":false,"_monsterinsights_skip_tracking":false,"_monsterinsights_sitenote_active":false,"_monsterinsights_sitenote_note":"","_monsterinsights_sitenote_category":0,"footnotes":""},"categories":[175,176],"tags":[223],"class_list":["post-65123","post","type-post","status-publish","format-standard","has-post-thumbnail","hentry","category-local","category-nacional","tag-puebla"],"amp_enabled":true,"_links":{"self":[{"href":"https:\/\/lahora.mx\/index.php\/wp-json\/wp\/v2\/posts\/65123","targetHints":{"allow":["GET"]}}],"collection":[{"href":"https:\/\/lahora.mx\/index.php\/wp-json\/wp\/v2\/posts"}],"about":[{"href":"https:\/\/lahora.mx\/index.php\/wp-json\/wp\/v2\/types\/post"}],"author":[{"embeddable":true,"href":"https:\/\/lahora.mx\/index.php\/wp-json\/wp\/v2\/users\/4"}],"replies":[{"embeddable":true,"href":"https:\/\/lahora.mx\/index.php\/wp-json\/wp\/v2\/comments?post=65123"}],"version-history":[{"count":1,"href":"https:\/\/lahora.mx\/index.php\/wp-json\/wp\/v2\/posts\/65123\/revisions"}],"predecessor-version":[{"id":65125,"href":"https:\/\/lahora.mx\/index.php\/wp-json\/wp\/v2\/posts\/65123\/revisions\/65125"}],"wp:featuredmedia":[{"embeddable":true,"href":"https:\/\/lahora.mx\/index.php\/wp-json\/wp\/v2\/media\/65124"}],"wp:attachment":[{"href":"https:\/\/lahora.mx\/index.php\/wp-json\/wp\/v2\/media?parent=65123"}],"wp:term":[{"taxonomy":"category","embeddable":true,"href":"https:\/\/lahora.mx\/index.php\/wp-json\/wp\/v2\/categories?post=65123"},{"taxonomy":"post_tag","embeddable":true,"href":"https:\/\/lahora.mx\/index.php\/wp-json\/wp\/v2\/tags?post=65123"}],"curies":[{"name":"wp","href":"https:\/\/api.w.org\/{rel}","templated":true}]}}